{"id":1253197,"date":"2026-04-25T07:07:34","date_gmt":"2026-04-25T04:07:34","guid":{"rendered":"https:\/\/robin.jobs\/sk\/?p=1253197"},"modified":"2026-04-25T07:07:34","modified_gmt":"2026-04-25T04:07:34","slug":"pracovna-kultura-v-nemecku","status":"publish","type":"post","link":"https:\/\/robin.jobs\/sk\/praca-v-nemecku\/pracovna-kultura-v-nemecku","title":{"rendered":"Pracovn\u00e1 kult\u00fara v Nemecku: Porozumenie eur\u00f3pskej ve\u013emoci"},"content":{"rendered":"<p><span style=\"font-weight: 400;\">Nemecko nie je len k\u013e\u00fa\u010dov\u00fdm hr\u00e1\u010dom v eur\u00f3pskej ekonomike, ale aj glob\u00e1lnym l\u00eddrom, ktor\u00fd je zn\u00e1my svoj\u00edm in\u017einierstvom, technologicky vyspel\u00fdm podnikate\u013esk\u00fdm prostred\u00edm a prosperuj\u00facim ekosyst\u00e9mom startupov. Ako jeden z l\u00eddrov glob\u00e1lneho automobilov\u00e9ho priemyslu je Nemecko tie\u017e v\u00fdznamnou hnacou silou v oblasti obnovite\u013en\u00fdch zdrojov energie a dokonca aj prelomov\u00fdch objavov v technol\u00f3gii umelej inteligencie (AI).<\/span><\/p>\n<p><span style=\"font-weight: 400;\">\u010co rob\u00ed t\u00fato krajinu v t\u00fdchto oblastiach takou \u00faspe\u0161nou? Je to povestn\u00e1 nemeck\u00e1 pracovn\u00e1 etika? Alebo s\u00fa to in\u00e9 charakteristiky pracovn\u00e9ho prostredia v Nemecku, ktor\u00e9 pom\u00e1haj\u00fa krajine dosahova\u0165 tak\u00e9 pozoruhodn\u00e9 v\u00fdsledky v r\u00f4znych sektoroch? V tomto \u010dl\u00e1nku sa ponor\u00edme do detailov toho, ak\u00e1 je pracovn\u00e1 kult\u00fara v Nemecku, aby sme v\u00e1m pomohli lep\u0161ie porozumie\u0165 tejto hospod\u00e1rskej ve\u013emoci.<\/span><\/p>\n<h2>Kult\u00fara zakorenen\u00e1 v dochv\u00ed\u013enosti<\/h2>\n<p><span style=\"font-weight: 400;\">Pracovn\u00e1 kult\u00fara v Nemecku je \u0161trukt\u00farovan\u00e1, efekt\u00edvna a vyzna\u010duje sa prec\u00edznym pl\u00e1novan\u00edm, priamou komunik\u00e1ciou, t\u00edmovou pr\u00e1cou, zodpovednos\u0165ou a siln\u00fdm zameran\u00edm na rovnov\u00e1hu medzi pracovn\u00fdm a s\u00fakromn\u00fdm \u017eivotom. To v\u0161etko vytv\u00e1ra stabiln\u00fd trh pr\u00e1ce, na ktorom je zamestnan\u00fdch viac ako <\/span><a href=\"https:\/\/www.destatis.de\/EN\/Press\/2025\/01\/PE25_001_13321.html?\" target=\"_blank\" rel=\"noopener\"><span style=\"font-weight: 400;\">46,1 mili\u00f3na \u013eud\u00ed<\/span><\/a><span style=\"font-weight: 400;\">.<\/span><\/p>\n<p><span style=\"font-weight: 400;\">Pre nov\u00e1\u010dika v krajine je pochopenie miestneho pracovn\u00e9ho prostredia, komunik\u00e1cie a o\u010dak\u00e1van\u00ed k\u013e\u00fa\u010dov\u00e9 pre r\u00fdchlu adapt\u00e1ciu. Je to d\u00f4le\u017eit\u00e9 najm\u00e4 z h\u013eadiska komunik\u00e1cie, spr\u00e1vania na pracovisku a dochv\u00ed\u013enosti. Tieto hodnoty nie s\u00fa len form\u00e1lnos\u0165ami; formuj\u00fa to, ako sa pr\u00e1ca vykon\u00e1va a ako \u013eudia ka\u017ed\u00fd de\u0148 spolupracuj\u00fa.<\/span><\/p>\n<h2>K\u013e\u00fa\u010dov\u00e9 prvky pracovnej kult\u00fary v Nemecku<\/h2>\n<p><span style=\"font-weight: 400;\">Nemecko m\u00e1 organizovan\u00e9 podnikate\u013esk\u00e9 prostredie, vysok\u00e9 \u0161tandardy a firmy, ktor\u00e9 s\u00fa odhodlan\u00e9 dod\u00e1va\u0165 kvalitu. Pracovn\u00e1 kult\u00fara sp\u00e1ja inov\u00e1cie a discipl\u00ednu, \u010do z nej rob\u00ed glob\u00e1lne konkurencieschopn\u00fa ekonomiku, kde v\u010dasnos\u0165, pl\u00e1novanie a jasn\u00e1 komunik\u00e1cia s vopred stanoven\u00fdmi procesmi poh\u00e1\u0148aj\u00fa rozhodovanie a vz\u00e1jomn\u00fd re\u0161pekt.<\/span><\/p>\n<h3><span style=\"font-weight: 400;\">1. Ordnung (Poriadok)<\/span><\/h3>\n<p><span style=\"font-weight: 400;\">Ordnung alebo poriadok je z\u00e1kladom nemeckej pracovnej kult\u00fary. Tento princ\u00edp predstavuje opatrn\u00e9 a detailn\u00e9 pl\u00e1novanie, bezchybn\u00fa organiz\u00e1ciu a pr\u00edsne dodr\u017eiavanie stanoven\u00fdch pravidiel a procesov, \u010do zais\u0165uje predv\u00eddate\u013enos\u0165 a efekt\u00edvnos\u0165. Ako hovoria Nemci: \u201eOrdnung muss sein\u201c alebo \u201eporiadok mus\u00ed by\u0165\u201c. T\u00e1to fr\u00e1za odr\u00e1\u017ea cel\u00fd n\u00e1rodn\u00fd \u00e9tos a spolo\u010densk\u00fa preferenciu profesionality v pl\u00e1novan\u00ed nielen v pr\u00e1ci, ale aj v soci\u00e1lnych interakci\u00e1ch.<\/span><\/p>\n<ul>\n<li style=\"font-weight: 400;\" aria-level=\"1\"><span style=\"font-weight: 400;\">Princ\u00edp Ordnung znamen\u00e1, \u017ee pracovn\u00e9 postupy s\u00fa \u0161tandardizovan\u00e9 a dobre zdokumentovan\u00e9. Pr\u00edstup k pr\u00e1ci je \u0161trukt\u00farovan\u00fd a existuje len mal\u00fd alebo \u017eiadny priestor na improviz\u00e1ciu.<\/span><\/li>\n<li style=\"font-weight: 400;\" aria-level=\"1\"><span style=\"font-weight: 400;\">Pl\u00e1novanie je v\u017edy v centre pozornosti. Je to prv\u00fd krok ka\u017ed\u00e9ho projektu s dobre zdokumentovan\u00fdmi term\u00ednmi, stretnutiami a harmonogramami \u00faloh, \u010do zais\u0165uje jasn\u00e9 smerovanie pre ka\u017ed\u00e9ho.<\/span><\/li>\n<li style=\"font-weight: 400;\" aria-level=\"1\"><span style=\"font-weight: 400;\">Zatia\u013e \u010do niektor\u00e9 pracovn\u00e9 kult\u00fary m\u00f4\u017eu prosperova\u0165 v\u010faka prisp\u00f4sobivosti, pracovn\u00e9 prostredie v Nemecku je presn\u00e9 a predv\u00eddate\u013en\u00e9. Nedoch\u00e1dza k n\u00e1hlym zmen\u00e1m, posunom na posledn\u00fa chv\u00ed\u013eu ani k odch\u00fdlkam od pl\u00e1nu, s v\u00fdnimkou pr\u00edpadov, ke\u010f je to absol\u00fatne nevyhnutn\u00e9.<\/span><\/li>\n<li style=\"font-weight: 400;\" aria-level=\"1\"><span style=\"font-weight: 400;\">Dokument\u00e1cia je tie\u017e nevyhnutnos\u0165ou, s presn\u00fdmi z\u00e1znamami, dodr\u017eiavan\u00edm firemn\u00fdch smern\u00edc a pr\u00edsnych noriem.<\/span><\/li>\n<\/ul>\n<h3><span style=\"font-weight: 400;\">2. P\u00fcnktlichkeit (Dochv\u00ed\u013enos\u0165)<\/span><\/h3>\n<p><span style=\"font-weight: 400;\">Dochv\u00ed\u013enos\u0165 je \u010fal\u0161ou d\u00f4le\u017eitou charakteristikou nemeckej kult\u00fary na pracovisku. Zme\u0161kanie term\u00ednov, neskor\u00fd pr\u00edchod alebo oneskoren\u00e9 odpovede v komunik\u00e1cii sa \u010dasto pova\u017euj\u00fa za ne\u00factiv\u00e9 a neprofesion\u00e1lne. By\u0165 na\u010das znamen\u00e1 pr\u00eds\u0165 sk\u00f4r, ne\u017e sa za\u010dne pl\u00e1novan\u00fd program, tak\u017ee ke\u010f nastane \u010das za\u010da\u0165, vy u\u017e ste na svojom mieste.<\/span><\/p>\n<p><picture><source srcset=\"https:\/\/robin.jobs\/sk\/wp-content\/webp-express\/webp-images\/doc-root\/wp-content\/uploads\/sites\/12\/2026\/04\/clovek-pouziva-vysokozdvizny-vozik-1024x683.jpg.webp 1024w, https:\/\/robin.jobs\/sk\/wp-content\/webp-express\/webp-images\/doc-root\/wp-content\/uploads\/sites\/12\/2026\/04\/clovek-pouziva-vysokozdvizny-vozik-300x200.jpg.webp 300w, https:\/\/robin.jobs\/sk\/wp-content\/webp-express\/webp-images\/doc-root\/wp-content\/uploads\/sites\/12\/2026\/04\/clovek-pouziva-vysokozdvizny-vozik-768x512.jpg.webp 768w, https:\/\/robin.jobs\/sk\/wp-content\/webp-express\/webp-images\/doc-root\/wp-content\/uploads\/sites\/12\/2026\/04\/clovek-pouziva-vysokozdvizny-vozik-1536x1025.jpg.webp 1536w, https:\/\/robin.jobs\/sk\/wp-content\/webp-express\/webp-images\/doc-root\/wp-content\/uploads\/sites\/12\/2026\/04\/clovek-pouziva-vysokozdvizny-vozik-668x446.jpg.webp 668w, https:\/\/robin.jobs\/sk\/wp-content\/webp-express\/webp-images\/doc-root\/wp-content\/uploads\/sites\/12\/2026\/04\/clovek-pouziva-vysokozdvizny-vozik.jpg.webp 1920w\" sizes=\"(max-width: 1024px) 100vw, 1024px\" type=\"image\/webp\"><img fetchpriority=\"high\" decoding=\"async\" class=\"alignnone size-large wp-image-1253200 webpexpress-processed\" src=\"https:\/\/robin.jobs\/sk\/wp-content\/uploads\/sites\/12\/2026\/04\/clovek-pouziva-vysokozdvizny-vozik-1024x683.jpg\" alt=\"Clovek Pouziva Vysokozdvizny Vozik\" width=\"1024\" height=\"683\" srcset=\"https:\/\/robin.jobs\/sk\/wp-content\/uploads\/sites\/12\/2026\/04\/clovek-pouziva-vysokozdvizny-vozik-1024x683.jpg 1024w, https:\/\/robin.jobs\/sk\/wp-content\/uploads\/sites\/12\/2026\/04\/clovek-pouziva-vysokozdvizny-vozik-300x200.jpg 300w, https:\/\/robin.jobs\/sk\/wp-content\/uploads\/sites\/12\/2026\/04\/clovek-pouziva-vysokozdvizny-vozik-768x512.jpg 768w, https:\/\/robin.jobs\/sk\/wp-content\/uploads\/sites\/12\/2026\/04\/clovek-pouziva-vysokozdvizny-vozik-1536x1025.jpg 1536w, https:\/\/robin.jobs\/sk\/wp-content\/uploads\/sites\/12\/2026\/04\/clovek-pouziva-vysokozdvizny-vozik-668x446.jpg 668w, https:\/\/robin.jobs\/sk\/wp-content\/uploads\/sites\/12\/2026\/04\/clovek-pouziva-vysokozdvizny-vozik.jpg 1920w\" sizes=\"(max-width: 1024px) 100vw, 1024px\"><\/picture><\/p>\n<p><span style=\"font-weight: 400;\">Zdroj: Pexels<\/span><\/p>\n<p><span style=\"font-weight: 400;\">Kalend\u00e1re sa nastavuj\u00fa vopred a aj mal\u00e9 me\u0161kanie nieko\u013ek\u00fdch min\u00fat sa m\u00f4\u017ee pova\u017eova\u0165 za prejav ne\u00facty. Nemci s\u00fa dochv\u00ed\u013eni v ka\u017edom zmysle slova a pochopenie tejto kult\u00farnej normy v\u00e1m v\u00fdrazne pom\u00f4\u017ee pri prisp\u00f4sobovan\u00ed sa ich vysok\u00fdm \u0161tandardom.<\/span><\/p>\n<h3><span style=\"font-weight: 400;\">3. Komunik\u00e1cia<\/span><\/h3>\n<p><span style=\"font-weight: 400;\">By\u0165 vecn\u00fdm, priamym a stru\u010dn\u00fdm komunik\u00e1torom je v nemeckom pracovnom prostred\u00ed normou. Vyjadrujte svoje my\u0161lienky transparentne a \u010destne. Ak poch\u00e1dzate z in\u00e9ho kult\u00farneho prostredia, m\u00f4\u017ee sa v\u00e1m to zda\u0165 stroh\u00e9, ale Nemci sa zameriavaj\u00fa na vyrie\u0161enie probl\u00e9mu a nie na zdvorilostn\u00e9 fr\u00e1zy a nejasn\u00e9 vyhl\u00e1senia.<\/span><\/p>\n<p><span style=\"font-weight: 400;\">Ak dostanete kritiku, bude s najv\u00e4\u010d\u0161ou pravdepodobnos\u0165ou kon\u0161trukt\u00edvna, zatia\u013e \u010do sp\u00e4tn\u00e1 v\u00e4zba bude priama. Aj vtedy je cie\u013eom ka\u017edej inform\u00e1cie rie\u0161i\u0165 potenci\u00e1lne probl\u00e9my a h\u013eada\u0165 usmernenie pri ich rie\u0161en\u00ed. Op\u00e4\u0165 sa to m\u00f4\u017ee zda\u0165 stroh\u00e9, ale tu je to prejav re\u0161pektu a profesionality.<\/span><\/p>\n<h3><span style=\"font-weight: 400;\">4. \u0160trukt\u00farovan\u00e1 hierarchia<\/span><\/h3>\n<p><span style=\"font-weight: 400;\">Tam, kde je poriadok, je aj \u0161trukt\u00fara. Nemeck\u00e9 firmy maj\u00fa jasne definovan\u00fa hierarchiu, kde ka\u017ed\u00e1 rola m\u00e1 jasn\u00e9 zodpovednosti. Nadriaden\u00ed prij\u00edmaj\u00fa rozhodnutia na z\u00e1klade \u00fadajov a vy\u0161\u0161\u00ed mana\u017ement m\u00e1 pr\u00e1vomoc schva\u013eova\u0165 ak\u00e9ko\u013evek v\u00fdznamn\u00e9 iniciat\u00edvy alebo zmeny.<\/span><\/p>\n<p><span style=\"font-weight: 400;\">Syst\u00e9m v\u0161ak nie je \u00faplne rigidn\u00fd. Zamestnanci m\u00f4\u017eu zdie\u013ea\u0165 svoje n\u00e1zory a m\u00f4\u017eu pon\u00faknu\u0165 postrehy, ale rozhodnutia prij\u00edmaj\u00fa l\u00eddri na z\u00e1klade \u00fadajov, v\u00fdskumu a dlhodob\u00e9ho pl\u00e1novania. Tak\u00fdto syst\u00e9m vy\u017eaduje, aby pracovn\u00edci vedeli, ako fungova\u0165 v pr\u00edsnej hierarchii a re\u0161pektova\u0165 vedenie. Tie\u017e postrehy, ktor\u00e9 pon\u00fakate pri prispievan\u00ed k iniciat\u00edvam, by mali by\u0165 dobre od\u00f4vodnen\u00e9.<\/span><\/p>\n<h3><span style=\"font-weight: 400;\">5. Bu\u010fte a vyzerajte profesion\u00e1lne<\/span><\/h3>\n<p><span style=\"font-weight: 400;\">Bez oh\u013eadu na odvetvie v\u017edy sa od v\u00e1s o\u010dak\u00e1va, \u017ee sa uk\u00e1\u017eete profesion\u00e1lne, upravene a decentne. Extravagantn\u00fdm doplnkom, jasn\u00fdm farb\u00e1m a pr\u00edli\u0161 le\u017e\u00e9rnemu oble\u010deniu sa vo v\u0161eobecnosti vyh\u00fdba. Hoci manu\u00e1lni pracovn\u00edci v\u00e4\u010d\u0161inou nosia pracovn\u00e9 oble\u010denie, na stretnutia, firemn\u00e9 akcie a interakcie s klientmi sa d\u00f4razne odpor\u00fa\u010da obliec\u0165 sa primerane.<\/span><\/p>\n<h3><span style=\"font-weight: 400;\">6. Pr\u00e1va a istota zamestnania<\/span><\/h3>\n<p><span style=\"font-weight: 400;\">Nemecko m\u00e1 jedny z najlep\u0161\u00edch z\u00e1konov pre pracovn\u00edkov na svete. Zamestnanie je chr\u00e1nen\u00e9, \u010do nesmierne zvy\u0161uje istotu zamestnania a s\u0165a\u017euje zamestn\u00e1vate\u013eom prepustenie zamestnancov bez p\u00e1dnych d\u00f4vodov.<\/span><\/p>\n<p><picture><source srcset=\"https:\/\/robin.jobs\/sk\/wp-content\/webp-express\/webp-images\/doc-root\/wp-content\/uploads\/sites\/12\/2026\/04\/muz-nosi-sivu-rurku-1024x683.jpg.webp 1024w, https:\/\/robin.jobs\/sk\/wp-content\/webp-express\/webp-images\/doc-root\/wp-content\/uploads\/sites\/12\/2026\/04\/muz-nosi-sivu-rurku-300x200.jpg.webp 300w, https:\/\/robin.jobs\/sk\/wp-content\/webp-express\/webp-images\/doc-root\/wp-content\/uploads\/sites\/12\/2026\/04\/muz-nosi-sivu-rurku-768x512.jpg.webp 768w, https:\/\/robin.jobs\/sk\/wp-content\/webp-express\/webp-images\/doc-root\/wp-content\/uploads\/sites\/12\/2026\/04\/muz-nosi-sivu-rurku-1536x1024.jpg.webp 1536w, https:\/\/robin.jobs\/sk\/wp-content\/webp-express\/webp-images\/doc-root\/wp-content\/uploads\/sites\/12\/2026\/04\/muz-nosi-sivu-rurku-669x446.jpg.webp 669w, https:\/\/robin.jobs\/sk\/wp-content\/webp-express\/webp-images\/doc-root\/wp-content\/uploads\/sites\/12\/2026\/04\/muz-nosi-sivu-rurku.jpg.webp 1920w\" sizes=\"(max-width: 1024px) 100vw, 1024px\" type=\"image\/webp\"><img decoding=\"async\" class=\"alignnone size-large wp-image-1253199 webpexpress-processed\" src=\"https:\/\/robin.jobs\/sk\/wp-content\/uploads\/sites\/12\/2026\/04\/muz-nosi-sivu-rurku-1024x683.jpg\" alt=\"Muz Nosi Sivu Rurku\" width=\"1024\" height=\"683\" srcset=\"https:\/\/robin.jobs\/sk\/wp-content\/uploads\/sites\/12\/2026\/04\/muz-nosi-sivu-rurku-1024x683.jpg 1024w, https:\/\/robin.jobs\/sk\/wp-content\/uploads\/sites\/12\/2026\/04\/muz-nosi-sivu-rurku-300x200.jpg 300w, https:\/\/robin.jobs\/sk\/wp-content\/uploads\/sites\/12\/2026\/04\/muz-nosi-sivu-rurku-768x512.jpg 768w, https:\/\/robin.jobs\/sk\/wp-content\/uploads\/sites\/12\/2026\/04\/muz-nosi-sivu-rurku-1536x1024.jpg 1536w, https:\/\/robin.jobs\/sk\/wp-content\/uploads\/sites\/12\/2026\/04\/muz-nosi-sivu-rurku-669x446.jpg 669w, https:\/\/robin.jobs\/sk\/wp-content\/uploads\/sites\/12\/2026\/04\/muz-nosi-sivu-rurku.jpg 1920w\" sizes=\"(max-width: 1024px) 100vw, 1024px\"><\/picture><\/p>\n<p><span style=\"font-weight: 400;\">Zdroj: Pexels<\/span><\/p>\n<p><span style=\"font-weight: 400;\">Dokumenty ako <\/span><a href=\"https:\/\/www.addleshawgoddard.com\/globalassets\/specialisms\/employment\/labour-employment-guide-germany.pdf?\" target=\"_blank\" rel=\"noopener\"><span style=\"font-weight: 400;\">K\u00fcndigungsschutzgesetz<\/span><\/a><span style=\"font-weight: 400;\"> (Z\u00e1kon o ochrane pred nespravodliv\u00fdm prepusten\u00edm) a <\/span><a href=\"https:\/\/plane.com\/blog\/german-labor-laws-easy-guide-us-companies?\" target=\"_blank\" rel=\"noopener\"><span style=\"font-weight: 400;\">Betriebsverfassungsgesetz<\/span><\/a><span style=\"font-weight: 400;\"> (Z\u00e1kon o \u00fastave podniku) poskytuj\u00fa zamestnancom z\u00e1ruky a umo\u017e\u0148uj\u00fa pracovn\u00edkom vytv\u00e1ra\u0165 rady a vyjedn\u00e1va\u0165 o v\u00fdhod\u00e1ch, mzd\u00e1ch a pracovn\u00fdch podmienkach.<\/span><\/p>\n<h3><span style=\"font-weight: 400;\">7. Rovnov\u00e1ha medzi pracovn\u00fdm a s\u00fakromn\u00fdm \u017eivotom<\/span><\/h3>\n<p><span style=\"font-weight: 400;\">Existuj\u00fa krajiny, ktor\u00e9 veria, \u017ee dlh\u00e9 hodiny sa rovnaj\u00fa produktivite, nemeck\u00e1 kult\u00fara na pracovisku sa v\u0161ak namiesto nadmernosti zameriava na efekt\u00edvnos\u0165. Zamestnanci by sa mali sna\u017ei\u0165 dokon\u010di\u0165 svoju pr\u00e1cu po\u010das be\u017enej pracovnej doby.<\/span><\/p>\n<p><span style=\"font-weight: 400;\">Z\u00e1kon upravuje, \u017ee pracovn\u00edci v Nemecku by nemali pracova\u0165 viac ako 8 hod\u00edn denne alebo 48 hod\u00edn t\u00fd\u017edenne. Existuje tie\u017e minimum 20 dn\u00ed dovolenky ro\u010dne, ale mnoh\u00e9 spolo\u010dnosti pon\u00fakaj\u00fa viac dn\u00ed dovolenky, tak\u017ee priemer je okolo 28 dn\u00ed ro\u010dne.<\/span><\/p>\n<h2>V\u00fdhody nemeckej pracovnej kult\u00fary<\/h2>\n<p><span style=\"font-weight: 400;\">Pri poh\u013eade na veci, ktor\u00e9 sme zhroma\u017edili vy\u0161\u0161ie, je \u013eahk\u00e9 vidie\u0165, \u017ee ide o efekt\u00edvne a dobre \u0161trukt\u00farovan\u00e9 pracovn\u00e9 prostredie zameran\u00e9 na zamestnanca, kde si \u013eudia m\u00f4\u017eu u\u017e\u00edva\u0165 stabiln\u00fa kari\u00e9ru. Okrem vec\u00ed spomenut\u00fdch vy\u0161\u0161ie s\u00fa tu niektor\u00e9 \u010fal\u0161ie k\u013e\u00fa\u010dov\u00e9 v\u00fdhody nemeckej kult\u00fary na pracovisku:<\/span><\/p>\n<ul>\n<li style=\"font-weight: 400;\" aria-level=\"1\"><b>Skvel\u00e1 ochrana zamestnancov<\/b><span style=\"font-weight: 400;\">: Bezpe\u010dnos\u0165 je z\u00e1kladom nemeckej pracovnej etiky. Nemecko m\u00e1 regulovan\u00e9 pracovn\u00e9 podmienky a spravodliv\u00e9 mzdy. Spolo\u010dnosti m\u00f4\u017eu prepusti\u0165 zamestnancov len vtedy, ak maj\u00fa p\u00e1dne d\u00f4vody, \u010do d\u00e1va \u0161ancu ka\u017ed\u00e9mu vytvori\u0165 si stabiln\u00fa dlhodob\u00fa kari\u00e9ru.<\/span><\/li>\n<li style=\"font-weight: 400;\" aria-level=\"1\"><b>V\u00fdnimo\u010dn\u00e9 platy<\/b><span style=\"font-weight: 400;\">: Platy v krajine s\u00fa vysoko konkurencieschopn\u00e9 a mzdy s\u00fa \u010dasto indexovan\u00e9 pod\u013ea priemyseln\u00fdch \u0161tandardov a dokonca aj infl\u00e1cie.<\/span><\/li>\n<li style=\"font-weight: 400;\" aria-level=\"1\"><b>Kari\u00e9rny rozvoj<\/b><span style=\"font-weight: 400;\">: Pracovn\u00e1 kult\u00fara v Nemecku kladie obrovsk\u00fd d\u00f4raz na celo\u017eivotn\u00e9 vzdel\u00e1vanie, \u010do sa pren\u00e1\u0161a aj do v\u00e1\u0161ho pracovn\u00e9ho \u017eivota. Spolo\u010dnosti investuj\u00fa do \u0161kolen\u00ed zamestnancov, programov na zvy\u0161ovanie kvalifik\u00e1cie a rozvojov\u00fdch \u0161kolen\u00ed, aby pomohli pracovn\u00edkom roz\u0161\u00edri\u0165 ich odbornos\u0165.<\/span><\/li>\n<li style=\"font-weight: 400;\" aria-level=\"1\"><b>Zdravotn\u00e1 starostlivos\u0165 a soci\u00e1lne zabezpe\u010denie<\/b><span style=\"font-weight: 400;\">: Nemecko m\u00e1 jeden z najlep\u0161\u00edch syst\u00e9mov soci\u00e1lneho zabezpe\u010denia na svete. D\u00e1vky v nezamestnanosti, d\u00f4chodkov\u00e9 fondy, rodi\u010dovsk\u00e1 dovolenka a zdravotn\u00e9 poistenie s\u00fa \u0161tandardom pre zamestnancov a ich rodiny.<\/span><\/li>\n<li style=\"font-weight: 400;\" aria-level=\"1\"><b>Rovnov\u00e1ha medzi pracovn\u00fdm a s\u00fakromn\u00fdm \u017eivotom<\/b><span style=\"font-weight: 400;\">: Predpisy o pracovnom \u010dase s\u00fa pr\u00edsne a v\u00e4\u010d\u0161ina zamestn\u00e1vate\u013eov podporuje flexibiln\u00e9 pracovn\u00e9 rozvrhy spolu s ve\u013ekorys\u00fdmi dovolenkov\u00fdmi politikami v boji proti vyhoreniu a na zv\u00fd\u0161enie produktivity.<\/span><\/li>\n<li style=\"font-weight: 400;\" aria-level=\"1\"><b>Stabiln\u00e1 ekonomika a inovat\u00edvne pracovn\u00e9 prostredie<\/b><span style=\"font-weight: 400;\">: Nemecko je najv\u00e4\u010d\u0161ou ekonomikou v Eur\u00f3pe, \u010do znamen\u00e1, \u017ee hospod\u00e1rsky rast je stabiln\u00fd. To tie\u017e otv\u00e1ra cestu inov\u00e1ci\u00e1m, technick\u00e9mu pokroku a v\u00fdskumu, \u010do poh\u00e1\u0148a priemyseln\u00e9 odvetvia \u010falej a \u010dasto rob\u00ed pr\u00e1cu jednoduch\u0161ou a efekt\u00edvnej\u0161ou.<\/span><\/li>\n<li style=\"font-weight: 400;\" aria-level=\"1\"><b>Transparentnos\u0165 a integrita pr\u00e1ce<\/b><span style=\"font-weight: 400;\">: Cel\u00e1 nemeck\u00e1 ekonomika sa zameriava na transparentnos\u0165 a spravodlivos\u0165, pri\u010dom spolo\u010dnosti funguj\u00fa eticky, v s\u00falade s predpismi a jasn\u00fdmi \u0161trukt\u00farami. Zamestnanci sa m\u00f4\u017eu prisp\u00f4sobi\u0165 rastu zalo\u017een\u00e9mu na z\u00e1sluh\u00e1ch, \u0161trukt\u00farovan\u00fdm pracovn\u00fdm rol\u00e1m a dobre definovan\u00fdm kari\u00e9rnym cest\u00e1m.<\/span><\/li>\n<\/ul>\n<p><picture><source srcset=\"https:\/\/robin.jobs\/sk\/wp-content\/webp-express\/webp-images\/doc-root\/wp-content\/uploads\/sites\/12\/2026\/04\/zlt-skolsky-autobus-selektivny-fokus-1024x683.jpg.webp 1024w, https:\/\/robin.jobs\/sk\/wp-content\/webp-express\/webp-images\/doc-root\/wp-content\/uploads\/sites\/12\/2026\/04\/zlt-skolsky-autobus-selektivny-fokus-300x200.jpg.webp 300w, https:\/\/robin.jobs\/sk\/wp-content\/webp-express\/webp-images\/doc-root\/wp-content\/uploads\/sites\/12\/2026\/04\/zlt-skolsky-autobus-selektivny-fokus-768x512.jpg.webp 768w, https:\/\/robin.jobs\/sk\/wp-content\/webp-express\/webp-images\/doc-root\/wp-content\/uploads\/sites\/12\/2026\/04\/zlt-skolsky-autobus-selektivny-fokus-1536x1024.jpg.webp 1536w, https:\/\/robin.jobs\/sk\/wp-content\/webp-express\/webp-images\/doc-root\/wp-content\/uploads\/sites\/12\/2026\/04\/zlt-skolsky-autobus-selektivny-fokus-669x446.jpg.webp 669w, https:\/\/robin.jobs\/sk\/wp-content\/webp-express\/webp-images\/doc-root\/wp-content\/uploads\/sites\/12\/2026\/04\/zlt-skolsky-autobus-selektivny-fokus.jpg.webp 1920w\" sizes=\"(max-width: 1024px) 100vw, 1024px\" type=\"image\/webp\"><img decoding=\"async\" class=\"alignnone size-large wp-image-1253198 webpexpress-processed\" src=\"https:\/\/robin.jobs\/sk\/wp-content\/uploads\/sites\/12\/2026\/04\/zlt-skolsky-autobus-selektivny-fokus-1024x683.jpg\" alt=\"Zlt Skolsky Autobus Selektivny Fokus\" width=\"1024\" height=\"683\" srcset=\"https:\/\/robin.jobs\/sk\/wp-content\/uploads\/sites\/12\/2026\/04\/zlt-skolsky-autobus-selektivny-fokus-1024x683.jpg 1024w, https:\/\/robin.jobs\/sk\/wp-content\/uploads\/sites\/12\/2026\/04\/zlt-skolsky-autobus-selektivny-fokus-300x200.jpg 300w, https:\/\/robin.jobs\/sk\/wp-content\/uploads\/sites\/12\/2026\/04\/zlt-skolsky-autobus-selektivny-fokus-768x512.jpg 768w, https:\/\/robin.jobs\/sk\/wp-content\/uploads\/sites\/12\/2026\/04\/zlt-skolsky-autobus-selektivny-fokus-1536x1024.jpg 1536w, https:\/\/robin.jobs\/sk\/wp-content\/uploads\/sites\/12\/2026\/04\/zlt-skolsky-autobus-selektivny-fokus-669x446.jpg 669w, https:\/\/robin.jobs\/sk\/wp-content\/uploads\/sites\/12\/2026\/04\/zlt-skolsky-autobus-selektivny-fokus.jpg 1920w\" sizes=\"(max-width: 1024px) 100vw, 1024px\"><\/picture><\/p>\n<p><span style=\"font-weight: 400;\">Zdroj: Pexels<\/span><\/p>\n<h2>Bud\u00facnos\u0165 pracovn\u00e9ho prostredia v Nemecku<\/h2>\n<p><span style=\"font-weight: 400;\">Nemeck\u00e1 kult\u00fara na pracovisku je dlhodobo zakorenen\u00e1 v efekt\u00edvnosti a \u0161trukt\u00fare, ale prisp\u00f4sobuje sa aj modern\u00fdm \u0161tandardom a potreb\u00e1m. Viac ako polovica zamestn\u00e1vate\u013eov v krajine pon\u00faka svojim zamestnancom hybridn\u00e9, vzdialen\u00e9 alebo flexibiln\u00e9 pracovn\u00e9 usporiadanie, \u010do je trend, ktor\u00fd kladie e\u0161te silnej\u0161\u00ed d\u00f4raz na rovnov\u00e1hu medzi pracovn\u00fdm a s\u00fakromn\u00fdm \u017eivotom. Sk\u00fa\u0161ky \u0161tvord\u0148ov\u00e9ho pracovn\u00e9ho t\u00fd\u017ed\u0148a a in\u00e9 experiment\u00e1lne opatrenia tie\u017e pom\u00e1haj\u00fa pretv\u00e1ra\u0165 \u017eivoty nemeck\u00fdch pracovn\u00edkov, ktor\u00ed tieto <\/span><a href=\"https:\/\/www.statista.com\/statistics\/1326732\/office-employees-four-day-work-week-preference-versus-salary-increase\/\" target=\"_blank\" rel=\"noopener\"><span style=\"font-weight: 400;\">sk\u00fa\u0161ky zjavne podporuj\u00fa<\/span><\/a><span style=\"font-weight: 400;\">.<\/span><\/p>\n<p><span style=\"font-weight: 400;\">Digit\u00e1lna transform\u00e1cia a integr\u00e1cia AI tie\u017e menia pracovn\u00e9 miesta, \u010do podnecuje iniciat\u00edvy na zvy\u0161ovanie kvalifik\u00e1cie. Tradi\u010dn\u00e9 hierarchie sa tie\u017e menia na plochej\u0161ie pracovn\u00e9 \u0161trukt\u00fary a udr\u017eate\u013enos\u0165 poh\u00e1\u0148a najnov\u0161ie pokroky vo v\u00fdrobe. Napokon, \u010doraz rozmanitej\u0161ia pracovn\u00e1 sila v Nemecku pos\u00fava DEI (diverzita, rovnos\u0165, inkl\u00fazia) do popredia, ke\u010f\u017ee zamestn\u00e1vatelia sa prisp\u00f4sobuj\u00fa multikult\u00farnemu trhu pr\u00e1ce prostredn\u00edctvom inkluz\u00edvneho n\u00e1boru a kult\u00farnych \u0161kolen\u00ed.<\/span><\/p>\n<h2>Prijmite nemeck\u00fa pracovn\u00fa kult\u00faru<\/h2>\n<p><span style=\"font-weight: 400;\">Pracovn\u00e1 kult\u00fara v Nemecku je postaven\u00e1 na \u0161trukt\u00fare, snahe o prec\u00edznos\u0165 a efekt\u00edvnos\u0165, \u010do z nej rob\u00ed stabiln\u00e9, predv\u00eddate\u013en\u00e9 a bezpe\u010dn\u00e9 pracovn\u00e9 prostredie. Robustn\u00e1 ekonomika pon\u00faka nespo\u010detn\u00e9 mno\u017estvo pr\u00edle\u017eitost\u00ed a konkurencieschopn\u00e9 platy, bezpe\u010dn\u00e9 pracovn\u00e9 miesta a stabilita pon\u00fakaj\u00fa skvel\u00fa \u0161ancu r\u00e1s\u0165 profesion\u00e1lne aj osobne.<\/span><\/p>\n<p><span style=\"font-weight: 400;\">Napriek tomu si priamy, \u010dasto stroh\u00fd \u0161t\u00fdl komunik\u00e1cie, hierarchick\u00e9 rozhodovanie, pr\u00edsne \u0161trukt\u00fary a pracovn\u00e9 \u0161t\u00fdly zameran\u00e9 na efekt\u00edvnos\u0165 m\u00f4\u017eu vy\u017eadova\u0165 trochu \u010dasu, k\u00fdm si na ne zvyknete. Ak ste v\u0161ak pripraven\u00ed na v\u00fdzvu a chcete prija\u0165 pracovn\u00fa kult\u00faru poh\u00e1\u0148an\u00fa rastom, prezrite si na\u0161e <\/span><a href=\"https:\/\/robin.jobs\/sk\/ponuka-prace-v-zahranici\/ponuka-praca-nemecku\"><span style=\"font-weight: 400;\">ponuky pr\u00e1ce z Nemecka<\/span><\/a><span style=\"font-weight: 400;\">. Sme tu, aby sme v\u00e1m pomohli za\u010da\u0165.<\/span><\/p>\n","protected":false},"excerpt":{"rendered":"<p>Nemecko nie je len k\u013e\u00fa\u010dov\u00fdm hr\u00e1\u010dom v eur\u00f3pskej ekonomike, ale aj glob\u00e1lnym l\u00eddrom, ktor\u00fd je zn\u00e1my svoj\u00edm in\u017einierstvom, technologicky vyspel\u00fdm podnikate\u013esk\u00fdm prostred\u00edm a prosperuj\u00facim ekosyst\u00e9mom startupov. Ako jeden z l\u00eddrov glob\u00e1lneho automobilov\u00e9ho priemyslu je Nemecko tie\u017e v\u00fdznamnou hnacou silou v oblasti obnovite\u013en\u00fdch zdrojov energie a dokonca aj prelomov\u00fdch objavov v technol\u00f3gii umelej inteligencie (AI). \u010co&#8230;<\/p>\n","protected":false},"author":38,"featured_media":1253201,"comment_status":"open","ping_status":"open","sticky":false,"template":"","format":"standard","meta":{"_acf_changed":false,"inline_featured_image":false,"footnotes":""},"categories":[1228,1229],"tags":[],"class_list":["post-1253197","post","type-post","status-publish","format-standard","has-post-thumbnail","hentry","category-praca","category-zivot","work-category-praca-v-nemecku"],"acf":[],"_links":{"self":[{"href":"https:\/\/robin.jobs\/sk\/wp-json\/wp\/v2\/posts\/1253197","targetHints":{"allow":["GET"]}}],"collection":[{"href":"https:\/\/robin.jobs\/sk\/wp-json\/wp\/v2\/posts"}],"about":[{"href":"https:\/\/robin.jobs\/sk\/wp-json\/wp\/v2\/types\/post"}],"author":[{"embeddable":true,"href":"https:\/\/robin.jobs\/sk\/wp-json\/wp\/v2\/users\/38"}],"replies":[{"embeddable":true,"href":"https:\/\/robin.jobs\/sk\/wp-json\/wp\/v2\/comments?post=1253197"}],"version-history":[{"count":1,"href":"https:\/\/robin.jobs\/sk\/wp-json\/wp\/v2\/posts\/1253197\/revisions"}],"predecessor-version":[{"id":1253202,"href":"https:\/\/robin.jobs\/sk\/wp-json\/wp\/v2\/posts\/1253197\/revisions\/1253202"}],"wp:featuredmedia":[{"embeddable":true,"href":"https:\/\/robin.jobs\/sk\/wp-json\/wp\/v2\/media\/1253201"}],"wp:attachment":[{"href":"https:\/\/robin.jobs\/sk\/wp-json\/wp\/v2\/media?parent=1253197"}],"wp:term":[{"taxonomy":"category","embeddable":true,"href":"https:\/\/robin.jobs\/sk\/wp-json\/wp\/v2\/categories?post=1253197"},{"taxonomy":"post_tag","embeddable":true,"href":"https:\/\/robin.jobs\/sk\/wp-json\/wp\/v2\/tags?post=1253197"}],"curies":[{"name":"wp","href":"https:\/\/api.w.org\/{rel}","templated":true}]}}