{"id":1274822,"date":"2026-04-25T05:13:24","date_gmt":"2026-04-25T02:13:24","guid":{"rendered":"https:\/\/robin.jobs\/lv\/?p=1274822"},"modified":"2026-04-25T05:13:24","modified_gmt":"2026-04-25T02:13:24","slug":"dzivosana-belgija","status":"publish","type":"post","link":"https:\/\/robin.jobs\/lv\/darbs-belgija\/dzivosana-belgija","title":{"rendered":"Dz\u012bvo\u0161ana Be\u013c\u0123ij\u0101: J\u016bsu ce\u013cvedis pilnv\u0113rt\u012bgai dz\u012bvei"},"content":{"rendered":"<p><span style=\"font-weight: 400;\">Sap\u0146ojat par jaunu noda\u013cu \u0101rzem\u0113s, p\u0113tot aizraujo\u0161\u0101s valstis, ko pied\u0101v\u0101 Eiropa? Dz\u012bvo\u0161ana Be\u013c\u0123ij\u0101 var sniegt unik\u0101lu daudzveid\u012bgas kult\u016bras, bag\u0101tas v\u0113stures un augstas dz\u012bves kvalit\u0101tes apvienojumu. Lai gan valsts bie\u017ei paliek savu liel\u0101ko kaimi\u0146u \u0113n\u0101, \u0161\u012b maz\u0101, bet labi att\u012bst\u012bt\u0101 un noz\u012bm\u012bg\u0101 valsts var b\u016bt pievilc\u012bgs galam\u0113r\u0137is ekspatriantiem un str\u0101dniekiem, kuri ir gatavi jaunam piedz\u012bvojumam.<\/span><\/p>\n<p><span style=\"font-weight: 400;\">Ja mekl\u0113jat l\u012bdzsvarotu un piepild\u012btu eksistenci un pla\u0161as darba iesp\u0113jas, Be\u013c\u0123ija pied\u0101v\u0101 dz\u012bvi, kas ir gan daudzsolo\u0161a, gan \u0113rta un aizraujo\u0161a ar sav\u0101m dz\u012bv\u012bgaj\u0101m pils\u0113t\u0101m un gleznainajiem laukiem.<\/span><\/p>\n<h2>Be\u013c\u0123u dz\u012bvesveids<\/h2>\n<p><span style=\"font-weight: 400;\">K\u0101da ir dz\u012bve Be\u013c\u0123ij\u0101? \u0160\u012b valsts ir aizraujo\u0161a vieta ar kult\u016bru, ko veido tr\u012bs ofici\u0101l\u0101s valodas \u2013 fran\u010du, holandie\u0161u un v\u0101cu, atspogu\u013cojot t\u0101s unik\u0101lo atra\u0161an\u0101s vietu Eiropas krustcel\u0113s. \u0160\u0101da lingvistisk\u0101 daudzveid\u012bba veicina bag\u0101tu multikultur\u0101lismu, radot viesm\u012bl\u012bgu un atv\u0113rtu vidi. Be\u013c\u0123i ir paz\u012bstami ar savu pragmatisko pieeju dz\u012bvei, m\u012blest\u012bbu pret labu \u0113dienu (sveicin\u0101tas, vafeles, \u0161okol\u0101de un alus!) un sp\u0113c\u012bgu kopienas saj\u016btu. J\u0113dziens &#8220;gezelligheid&#8221; (holandie\u0161u valod\u0101) vai &#8220;convivialit\u00e9&#8221; (fran\u010du valod\u0101), kas noz\u012bm\u0113 m\u0101j\u012bguma un kop\u012bbas saj\u016btu, lieliski raksturo viet\u0113jo soci\u0101lo vidi.<\/span><\/p>\n<p><picture><source srcset=\"https:\/\/robin.jobs\/lv\/wp-content\/webp-express\/webp-images\/doc-root\/wp-content\/uploads\/sites\/15\/2026\/04\/atomijs-brisele-1024x683.jpg.webp 1024w, https:\/\/robin.jobs\/lv\/wp-content\/webp-express\/webp-images\/doc-root\/wp-content\/uploads\/sites\/15\/2026\/04\/atomijs-brisele-300x200.jpg.webp 300w, https:\/\/robin.jobs\/lv\/wp-content\/webp-express\/webp-images\/doc-root\/wp-content\/uploads\/sites\/15\/2026\/04\/atomijs-brisele-768x512.jpg.webp 768w, https:\/\/robin.jobs\/lv\/wp-content\/webp-express\/webp-images\/doc-root\/wp-content\/uploads\/sites\/15\/2026\/04\/atomijs-brisele-1536x1024.jpg.webp 1536w, https:\/\/robin.jobs\/lv\/wp-content\/webp-express\/webp-images\/doc-root\/wp-content\/uploads\/sites\/15\/2026\/04\/atomijs-brisele-669x446.jpg.webp 669w, https:\/\/robin.jobs\/lv\/wp-content\/webp-express\/webp-images\/doc-root\/wp-content\/uploads\/sites\/15\/2026\/04\/atomijs-brisele.jpg.webp 1920w\" sizes=\"(max-width: 1024px) 100vw, 1024px\" type=\"image\/webp\"><img fetchpriority=\"high\" decoding=\"async\" class=\"alignnone size-large wp-image-1274826 webpexpress-processed\" src=\"https:\/\/robin.jobs\/lv\/wp-content\/uploads\/sites\/15\/2026\/04\/atomijs-brisele-1024x683.jpg\" alt=\"Atomijs Brisele\" width=\"1024\" height=\"683\" srcset=\"https:\/\/robin.jobs\/lv\/wp-content\/uploads\/sites\/15\/2026\/04\/atomijs-brisele-1024x683.jpg 1024w, https:\/\/robin.jobs\/lv\/wp-content\/uploads\/sites\/15\/2026\/04\/atomijs-brisele-300x200.jpg 300w, https:\/\/robin.jobs\/lv\/wp-content\/uploads\/sites\/15\/2026\/04\/atomijs-brisele-768x512.jpg 768w, https:\/\/robin.jobs\/lv\/wp-content\/uploads\/sites\/15\/2026\/04\/atomijs-brisele-1536x1024.jpg 1536w, https:\/\/robin.jobs\/lv\/wp-content\/uploads\/sites\/15\/2026\/04\/atomijs-brisele-669x446.jpg 669w, https:\/\/robin.jobs\/lv\/wp-content\/uploads\/sites\/15\/2026\/04\/atomijs-brisele.jpg 1920w\" sizes=\"(max-width: 1024px) 100vw, 1024px\"><\/picture><\/p>\n<p><span style=\"font-weight: 400;\">Avots: Pexels<\/span><\/p>\n<p><span style=\"font-weight: 400;\">Lai gan laikapst\u0101k\u013ci var b\u016bt nedaudz nepast\u0101v\u012bgi, ar diezgan daudz m\u0101ko\u0146ain\u0101m dien\u0101m un lietu, be\u013c\u0123i ir apguvu\u0161i m\u0101kslu baud\u012bt dz\u012bvi neatkar\u012bgi no t\u0101. Iedom\u0101jieties m\u0101j\u012bgas kafejn\u012bcas, dz\u012bv\u012bgus krogus un pla\u0161u iek\u0161telpu kult\u016bras aktivit\u0101\u0161u kl\u0101stu. Tie\u0161ums komunik\u0101cij\u0101, l\u012bdz\u012bgi k\u0101 holandie\u0161iem, var pras\u012bt zin\u0101mu pieradin\u0101\u0161anu, ta\u010du tas bie\u017ei vien sak\u0146ojas god\u012bgum\u0101 un v\u0113lm\u0113 p\u0113c skaidras sapratnes.<\/span><\/p>\n<h2>Dz\u012bves kvalit\u0101te Be\u013c\u0123ij\u0101: Kas padara \u0161o valsti tik piem\u0113rotu dz\u012bvo\u0161anai<\/h2>\n<p><span style=\"font-weight: 400;\">Apsverot Be\u013c\u0123ijas dz\u012bves kvalit\u0101ti, izce\u013cas vair\u0101ki faktori, kas padara to par pievilc\u012bgu izv\u0113li daudziem. Ir vair\u0101ki iemesli, k\u0101p\u0113c izv\u0113l\u0113ties Be\u013c\u0123iju k\u0101 ekspatriantam, ta\u010du zem\u0101k ir min\u0113ti da\u017ei citi svar\u012bg\u0101kie punkti, kas padara to ne tikai par apdz\u012bvojamu, bet ar\u012b par \u013coti pr\u0101t\u012bgu galam\u0113r\u0137i.<\/span><\/p>\n<h3><span style=\"font-weight: 400;\">1. Izcila vesel\u012bbas apr\u016bpes sist\u0113ma<\/span><\/h3>\n<p><span style=\"font-weight: 400;\">Valst\u012b ir pasaules l\u012bme\u0146a vesel\u012bbas apr\u016bpes sist\u0113ma, kas ir efekt\u012bva un viegli pieejama ikvienam. Vesel\u012bbas apdro\u0161in\u0101\u0161ana valst\u012b ir oblig\u0101ta, nodro\u0161inot, ka visiem iedz\u012bvot\u0101jiem (ar\u012b \u0101rzemniekiem) ir pieejami b\u016btiski un augstas kvalit\u0101tes medic\u012bnas pakalpojumi. Tam b\u016btu j\u0101ietver \u0101rstu un speci\u0101listu apmekl\u0113jumi, nepiecie\u0161am\u0101 uztur\u0113\u0161an\u0101s slimn\u012bc\u0101 un neatliekam\u0101 pal\u012bdz\u012bba. Lai gan past\u0101v pa\u0161risks, kop\u0113j\u0101 sist\u0113ma sniedz sirdsmieru un p\u0101rliec\u012bbu par j\u016bsu labkl\u0101j\u012bbu.<\/span><\/p>\n<h3><span style=\"font-weight: 400;\">2. Augstas kvalit\u0101tes izgl\u012bt\u012bba<\/span><\/h3>\n<p><span style=\"font-weight: 400;\">Be\u013c\u0123ija ir viena no gudr\u0101kaj\u0101m valst\u012bm Eirop\u0101, un Be\u013c\u0123ijas izgl\u012bt\u012bbas sist\u0113ma tiek augstu v\u0113rt\u0113ta, pied\u0101v\u0101jot sp\u0113c\u012bgu pamatu b\u0113rniem un jaunie\u0161iem. No valsts skol\u0101m l\u012bdz priv\u0101tskol\u0101m un starptautisk\u0101m iest\u0101d\u0113m \u2013 j\u016bs varat atrast da\u017e\u0101das izgl\u012bt\u012bbas iest\u0101des, kas atbilst da\u017e\u0101d\u0101m v\u0113lm\u0113m un vajadz\u012bb\u0101m.<\/span><\/p>\n<p><span style=\"font-weight: 400;\">Attiec\u012bb\u0101 uz augst\u0101ko izgl\u012bt\u012bbu Be\u013c\u0123ij\u0101 ir ar\u012b vair\u0101kas izcilas universit\u0101tes ar daudzveid\u012bg\u0101m programm\u0101m un sp\u0113c\u012bgu starptautisku akad\u0113misko reput\u0101ciju. Piem\u0113ram, L\u0113venas Kato\u013cu universit\u0101te (KU Leuven), valsts vec\u0101k\u0101 universit\u0101te, ie\u0146em 63. vietu pasaul\u0113.<\/span><\/p>\n<h3><span style=\"font-weight: 400;\">3. Vesel\u012bgs darba un priv\u0101t\u0101s dz\u012bves l\u012bdzsvars<\/span><\/h3>\n<p><span style=\"font-weight: 400;\">T\u0101pat <\/span><a href=\"https:\/\/robin.jobs\/lv\/darbs-arzemes\/dzivosana-niderlande\"><span style=\"font-weight: 400;\">k\u0101 N\u012bderland\u0113<\/span><\/a><span style=\"font-weight: 400;\">, be\u013c\u0123i lielu uzsvaru liek uz darba un priv\u0101t\u0101s dz\u012bves l\u012bdzsvaru. Iedz\u012bvot\u0101ji ir diezgan apmierin\u0101ti ar savu dz\u012bvi, ta\u010du visur, kur tas ir iesp\u0113jams, tiek ieviesti v\u0113l elast\u012bg\u0101ki darba nosac\u012bjumi, piem\u0113ram, att\u0101lin\u0101tais darbs un citas iesp\u0113jas.<\/span><\/p>\n<p><span style=\"font-weight: 400;\">Tiesiskais regul\u0113jums nodro\u0161ina atbilsto\u0161u apmaks\u0101tu atva\u013cin\u0101jumu, veicinot sabiedr\u012bbu, kur\u0101 person\u012bg\u0101 labkl\u0101j\u012bba tiek v\u0113rt\u0113ta l\u012bdztekus profesion\u0101lajai produktivit\u0101tei. \u0160\u0101da koncentr\u0113\u0161an\u0101s uz l\u012bdzsvarotu dz\u012bvesveidu uzlabo ne tikai cilv\u0113ka dz\u012bves kvalit\u0101ti, bet ar\u012b visp\u0101r\u0113jo apmierin\u0101t\u012bbu ar darbu, vienlaikus uzlabojot produktivit\u0101ti un samazinot kav\u0113jumus.<\/span><\/p>\n<h3><span style=\"font-weight: 400;\">4. Sp\u0113c\u012bga ekonomika un darba tirgus<\/span><\/h3>\n<p><span style=\"font-weight: 400;\">Run\u0101jot par ekonomiku, Be\u013c\u0123ija ie\u0146em 21. vietu starp konkur\u0113tsp\u0113j\u012bg\u0101kaj\u0101m valst\u012bm pasaul\u0113. Valsts strat\u0113\u0123isk\u0101 atra\u0161an\u0101s vieta un att\u012bst\u012bt\u0101 infrastrukt\u016bra veicina sp\u0113c\u012bgu ekonomiku un darba tirgu. Ar vair\u0101k\u0101m nozar\u0113m, s\u0101kot no lo\u0123istikas un automobi\u013cu r\u016bpniec\u012bbas l\u012bdz \u0137\u012bmijai un farm\u0101cijai, ir pla\u0161as nodarbin\u0101t\u012bbas iesp\u0113jas kvalific\u0113tiem darbiniekiem. T\u0101 k\u0101 minim\u0101l\u0101 alga ir <\/span><a href=\"https:\/\/www.fairworkbelgium.be\/en\/faq\/what-salary-am-i-entitled-to\/\" target=\"_blank\" rel=\"noopener\"><span style=\"font-weight: 400;\">12,82 eiro stund\u0101<\/span><\/a><span style=\"font-weight: 400;\">, talant\u012bgi darbinieki parasti var nopeln\u012bt v\u0113l vair\u0101k. Un, lai gan ien\u0101kuma nodoklis var b\u016bt nedaudz augst\u0101ks, visaptvero\u0161\u0101s soci\u0101l\u0101 nodro\u0161in\u0101juma sist\u0113mas pal\u012bdz to kontrol\u0113t.<\/span><\/p>\n<h2>Dz\u012bves d\u0101rdz\u012bba Be\u013c\u0123ij\u0101 \u0101rzemniekiem<\/h2>\n<p><span style=\"font-weight: 400;\">Daudziem, kuri apsver p\u0101rcel\u0161anos, dz\u012bves d\u0101rdz\u012bba Be\u013c\u0123ij\u0101 var rad\u012bt ba\u017eas. Lai gan parasti t\u0101 tiek uzskat\u012bta par augst\u0101ku nek\u0101 da\u017e\u0101s Austrumeiropas valst\u012bs, t\u0101 bie\u017ei vien ir sal\u012bdzin\u0101ma ar vai nedaudz zem\u0101ka nek\u0101 t\u0101s tie\u0161ajiem kaimi\u0146iem, piem\u0113ram, N\u012bderlandei vai Francijai, jo \u012bpa\u0161i \u0101rpus Briseles.<\/span><\/p>\n<p><span style=\"font-weight: 400;\">Piem\u0113ram, vid\u0113j\u0101 \u012bres cena ir aptuveni 523 eiro no personas m\u0113nes\u012b, ta\u010du t\u0101d\u0101s pils\u0113t\u0101s k\u0101 Gente, Antverpene un Brisele (kur vienas personas aptuven\u0101s izmaksas ir ap <\/span><a href=\"https:\/\/www.numbeo.com\/cost-of-living\/in\/Brussels\" target=\"_blank\" rel=\"noopener\"><span style=\"font-weight: 400;\">1036,9 eiro<\/span><\/a><span style=\"font-weight: 400;\">) t\u0101s parasti ir augst\u0101kas. Ja \u012bres cenas rada ba\u017eas, iesp\u0113ju izp\u0113te maz\u0101k\u0101s pils\u0113t\u0101s vai piepils\u0113tas rajonos var pied\u0101v\u0101t pieejam\u0101kas alternat\u012bvas.<\/span><\/p>\n<p><span style=\"font-weight: 400;\">P\u0101rtikas pre\u010du un p\u0101rtikas cenas ir sapr\u0101t\u012bgas, it \u012bpa\u0161i, ja iep\u0113rkaties viet\u0113jos tirgos. Transporta izmaksas ir kontrol\u0113jamas, pateicoties efekt\u012bvam sabiedrisk\u0101 transporta t\u012bklam (vilcieni, tramvaji, autobusi), samazinot nepiecie\u0161am\u012bbu p\u0113c person\u012bg\u0101s automa\u0161\u012bnas.<\/span><\/p>\n<p><span style=\"font-weight: 400;\">Lai efekt\u012bvi p\u0101rvald\u012btu izdevumus, apsveriet:<\/span><\/p>\n<ul>\n<li style=\"font-weight: 400;\" aria-level=\"1\"><b>Sabiedriskais transports<\/b><span style=\"font-weight: 400;\">: Ieg\u0101d\u0101jieties abonementa bi\u013ceti vilcieniem (SNCB), metro un autobusu pakalpojumiem.<\/span><\/li>\n<li style=\"font-weight: 400;\" aria-level=\"1\"><b>Viet\u0113jie tirgi<\/b><span style=\"font-weight: 400;\">: Svaigu produktu un citu \u012bpa\u0161u pre\u010du ieg\u0101de viet\u0113jos tirgos parasti ir par lab\u0101k\u0101m cen\u0101m.<\/span><\/li>\n<li style=\"font-weight: 400;\" aria-level=\"1\"><b>Bud\u017eeta pl\u0101no\u0161ana:<\/b><span style=\"font-weight: 400;\"> Cie\u0161i sekojiet l\u012bdzi saviem izdevumiem, lai saglab\u0101tu vesel\u012bgus r\u012bc\u012bb\u0101 eso\u0161os ien\u0101kumus.<\/span><\/li>\n<\/ul>\n<h2>K\u0101da ir dz\u012bve Be\u013c\u0123ij\u0101: Soci\u0101l\u0101 dro\u0161\u012bba<\/h2>\n<p><span style=\"font-weight: 400;\">Valst\u012b ir visaptvero\u0161a soci\u0101l\u0101 nodro\u0161in\u0101juma sist\u0113ma, kas bie\u017ei tiek uzskat\u012bta par vienu no noz\u012bm\u012bg\u0101kaj\u0101m priek\u0161roc\u012bb\u0101m, ko sniedz dz\u012bvo\u0161ana Be\u013c\u0123ij\u0101. Darbojoties k\u0101 sp\u0113c\u012bgs dro\u0161\u012bbas t\u012bkls, sist\u0113ma sniedz kritisku atbalstu iedz\u012bvot\u0101jiem da\u017e\u0101dos dz\u012bves posmos.<\/span><\/p>\n<ul>\n<li style=\"font-weight: 400;\" aria-level=\"1\"><b>Bezdarbnieka pabalsti:<\/b><span style=\"font-weight: 400;\"> Diem\u017e\u0113l da\u017ereiz cilv\u0113ki paliek bez darba, un Be\u013c\u0123ijas sist\u0113ma sniedz finansi\u0101lu atbalstu, kam\u0113r mekl\u0113jat jaunu darbu. Turkl\u0101t gadu gait\u0101 lielas naudas summas ir ieguld\u012btas p\u0101rkvalifik\u0101cijas programm\u0101s, soci\u0101laj\u0101 iek\u013cau\u0161an\u0101 un nodarbin\u0101t\u012bbas atbalst\u0101.<\/span><\/li>\n<li style=\"font-weight: 400;\" aria-level=\"1\"><b>Maternit\u0101tes un paternit\u0101tes atva\u013cin\u0101jums<\/b><span style=\"font-weight: 400;\">: Be\u013c\u0123ija pied\u0101v\u0101 d\u0101snu atva\u013cin\u0101jumu jaunajiem vec\u0101kiem, \u013caujot vi\u0146iem koncentr\u0113ties uz sav\u0101m \u0123imen\u0113m bez t\u016bl\u012bt\u0113ja finansi\u0101la stresa.<\/span><\/li>\n<li style=\"font-weight: 400;\" aria-level=\"1\"><b>Atbalsts b\u0113rnu apr\u016bpei:<\/b><span style=\"font-weight: 400;\"> Vald\u012bba nodro\u0161ina subs\u012bdijas un pabalstus, lai pal\u012bdz\u0113tu samazin\u0101t b\u0113rnu apr\u016bpes izmaksas, atvieglojot \u0123imen\u0113m to p\u0101rvald\u012bbu.<\/span><\/li>\n<li style=\"font-weight: 400;\" aria-level=\"1\"><b>Pensiju sist\u0113ma<\/b><span style=\"font-weight: 400;\">: T\u0101pat k\u0101 N\u012bderland\u0113, Be\u013c\u0123ij\u0101 ir vair\u0101ku l\u012bme\u0146u pensiju sist\u0113ma, kas ietver valsts pensiju, aroda sh\u0113mas un priv\u0101tas papildu iesp\u0113jas, nodro\u0161inot finansi\u0101lo dro\u0161\u012bbu vecumdien\u0101s.<\/span><\/li>\n<\/ul>\n<h2>Dz\u012bve Be\u013c\u0123ij\u0101: Transports<\/h2>\n<p><span style=\"font-weight: 400;\">Valsts mazais izm\u0113rs apvienojum\u0101 ar t\u0101s izcilo infrastrukt\u016bru padara to par transporta parad\u012bzi tiem, kuri dod priek\u0161roku sabiedriskajam transportam. Be\u013c\u0123ij\u0101 ir \u013coti efekt\u012bva transporta sist\u0113ma, kas savieno visas liel\u0101k\u0101s pils\u0113tas un neskait\u0101mas maz\u0101kas pils\u0113ti\u0146as.<\/span><\/p>\n<ul>\n<li style=\"font-weight: 400;\" aria-level=\"1\"><span style=\"font-weight: 400;\">Vilcieni: SNCB t\u012bkls ir pla\u0161s, pied\u0101v\u0101jot \u0101trus un uzticamus savienojumus starp t\u0101d\u0101m pils\u0113t\u0101m k\u0101 Brisele, Antverpene, Gente un Brige, k\u0101 ar\u012b starptautiskos mar\u0161rutus.<\/span><\/li>\n<li style=\"font-weight: 400;\" aria-level=\"1\"><span style=\"font-weight: 400;\">Metro, tramvajs un autobuss: Gandr\u012bz vis\u0101s liel\u0101kaj\u0101s pils\u0113t\u0101s ir att\u012bst\u012bti un labi funkcion\u0113jo\u0161i transporta t\u012bkli, padarot p\u0101rvieto\u0161anos pils\u0113tas robe\u017e\u0101s pavisam vienk\u0101r\u0161u.<\/span><\/li>\n<li style=\"font-weight: 400;\" aria-level=\"1\"><span style=\"font-weight: 400;\">Rite\u0146brauk\u0161ana: T\u0101pat k\u0101 N\u012bderland\u0113, ar\u012b Be\u013c\u0123ij\u0101 m\u012bl velosip\u0113dus. <\/span><a href=\"https:\/\/www.euronews.com\/next\/2022\/09\/17\/the-worlds-cycling-nation-how-the-netherlands-redesigned-itself-as-a-country-fit-for-bikes\" target=\"_blank\" rel=\"noopener\"><span style=\"font-weight: 400;\">Rite\u0146brauk\u0161ana ir popul\u0101ra<\/span><\/a><span style=\"font-weight: 400;\">, jo \u012bpa\u0161i l\u012bdzen\u0101kos re\u0123ionos, kur \u012bpa\u0161as velojoslas ir norma.<\/span><\/li>\n<li style=\"font-weight: 400;\" aria-level=\"1\"><span style=\"font-weight: 400;\">Brauk\u0161ana ar auto: Ce\u013cu t\u012bkls ir lielisks, lai gan sastr\u0113gumstund\u0101s ap liel\u0101kajiem pils\u0113tu centriem satiksme var b\u016bt intens\u012bva.<\/span><\/li>\n<\/ul>\n<h2>Bag\u0101t\u012bgs kult\u016bras mantojums un dz\u012bv\u012bga soci\u0101l\u0101 dz\u012bve<\/h2>\n<p><span style=\"font-weight: 400;\">Dz\u012bvi Be\u013c\u0123ij\u0101 \u0101rzemniekiem bag\u0101tina t\u0101s dzi\u013cais kult\u016bras mantojums un dinamisk\u0101 soci\u0101l\u0101 dz\u012bve. No noz\u012bm\u012bg\u0101m Eiropas pils\u0113t\u0101m ar to v\u0113sturisko arhitekt\u016bru l\u012bdz burv\u012bgiem muzejiem un relaks\u0113t\u0101kiem pas\u0101kumiem \u2013 vienm\u0113r ir ko izp\u0113t\u012bt.<\/span><\/p>\n<ul>\n<li style=\"font-weight: 400;\" aria-level=\"1\"><b>Virtuve<\/b><span style=\"font-weight: 400;\">: Be\u013c\u0123ija ir slavena ar savu \u0161okol\u0101di un alu, k\u0101 ar\u012b s\u0101t\u012bgiem saut\u0113jumiem un krauk\u0161\u0137\u012bgiem fr\u012b kartupe\u013ciem. \u0112\u0161ana \u0101rpus m\u0101jas ir popul\u0101ra nodarbe, pied\u0101v\u0101jot iesp\u0113jas no Michelin zvaig\u017e\u0146u restor\u0101niem l\u012bdz m\u0101j\u012bg\u0101m viet\u0113j\u0101m braserij\u0101m.<\/span><\/li>\n<li style=\"font-weight: 400;\" aria-level=\"1\"><b>Pas\u0101kumi un festiv\u0101li<\/b><span style=\"font-weight: 400;\">: Be\u013c\u0123ij\u0101 ir ar\u012b diezgan daudz m\u016bzikas festiv\u0101lu un kult\u016bras pas\u0101kumu, s\u0101kot no maziem viet\u0113jiem karnev\u0101liem l\u012bdz sezon\u0101liem Ziemassv\u0113tku tirdzi\u0146iem un masveida festiv\u0101liem. Tie pied\u0101v\u0101 fantastiskas iesp\u0113jas soci\u0101lajai integr\u0101cijai un viet\u0113jo para\u017eu iepaz\u012b\u0161anai.<\/span><\/li>\n<li style=\"font-weight: 400;\" aria-level=\"1\"><b>Ekspatriantu kopiena<\/b><span style=\"font-weight: 400;\">: Brisele b\u016bt\u012bb\u0101 ir ES sirds, kas noz\u012bm\u0113, ka taj\u0101 ir liela un akt\u012bva ekspatriantu kopiena. Tom\u0113r t\u0101 nav tikai Brisele \u2013 ar\u012b cit\u0101s liel\u0101kaj\u0101s pils\u0113t\u0101s ir \u0101rzemnieku kopienas, kas jaunpien\u0101c\u0113jiem atvieglo sazi\u0146u, pieredzes apmai\u0146u un atbalsta mekl\u0113\u0161anu, veicinot viesm\u012bl\u012bgu multikultur\u0101lu vidi.<\/span><\/li>\n<\/ul>\n<p><picture><source srcset=\"https:\/\/robin.jobs\/lv\/wp-content\/webp-express\/webp-images\/doc-root\/wp-content\/uploads\/sites\/15\/2026\/04\/grupa-cilveku-neona-ballite-1024x576.jpg.webp 1024w, https:\/\/robin.jobs\/lv\/wp-content\/webp-express\/webp-images\/doc-root\/wp-content\/uploads\/sites\/15\/2026\/04\/grupa-cilveku-neona-ballite-300x169.jpg.webp 300w, https:\/\/robin.jobs\/lv\/wp-content\/webp-express\/webp-images\/doc-root\/wp-content\/uploads\/sites\/15\/2026\/04\/grupa-cilveku-neona-ballite-768x432.jpg.webp 768w, https:\/\/robin.jobs\/lv\/wp-content\/webp-express\/webp-images\/doc-root\/wp-content\/uploads\/sites\/15\/2026\/04\/grupa-cilveku-neona-ballite-1536x864.jpg.webp 1536w, https:\/\/robin.jobs\/lv\/wp-content\/webp-express\/webp-images\/doc-root\/wp-content\/uploads\/sites\/15\/2026\/04\/grupa-cilveku-neona-ballite-793x446.jpg.webp 793w, https:\/\/robin.jobs\/lv\/wp-content\/webp-express\/webp-images\/doc-root\/wp-content\/uploads\/sites\/15\/2026\/04\/grupa-cilveku-neona-ballite.jpg.webp 1920w\" sizes=\"(max-width: 1024px) 100vw, 1024px\" type=\"image\/webp\"><img decoding=\"async\" class=\"alignnone size-large wp-image-1274825 webpexpress-processed\" src=\"https:\/\/robin.jobs\/lv\/wp-content\/uploads\/sites\/15\/2026\/04\/grupa-cilveku-neona-ballite-1024x576.jpg\" alt=\"Grupa Cilveku Neona Ballite\" width=\"1024\" height=\"576\" srcset=\"https:\/\/robin.jobs\/lv\/wp-content\/uploads\/sites\/15\/2026\/04\/grupa-cilveku-neona-ballite-1024x576.jpg 1024w, https:\/\/robin.jobs\/lv\/wp-content\/uploads\/sites\/15\/2026\/04\/grupa-cilveku-neona-ballite-300x169.jpg 300w, https:\/\/robin.jobs\/lv\/wp-content\/uploads\/sites\/15\/2026\/04\/grupa-cilveku-neona-ballite-768x432.jpg 768w, https:\/\/robin.jobs\/lv\/wp-content\/uploads\/sites\/15\/2026\/04\/grupa-cilveku-neona-ballite-1536x864.jpg 1536w, https:\/\/robin.jobs\/lv\/wp-content\/uploads\/sites\/15\/2026\/04\/grupa-cilveku-neona-ballite-793x446.jpg 793w, https:\/\/robin.jobs\/lv\/wp-content\/uploads\/sites\/15\/2026\/04\/grupa-cilveku-neona-ballite.jpg 1920w\" sizes=\"(max-width: 1024px) 100vw, 1024px\"><\/picture><\/p>\n<p><span style=\"font-weight: 400;\">Avots: Pexels<\/span><\/p>\n<h2>Dro\u0161\u012bba, t\u012br\u012bba un ilgtsp\u0113ja<\/h2>\n<p><span style=\"font-weight: 400;\">Vai Be\u013c\u0123ija ir laba vieta dz\u012bvo\u0161anai? No vides un dro\u0161\u012bbas viedok\u013ca Be\u013c\u0123ijas pils\u0113tas un lauku apvidi tiek uzskat\u012bti par dro\u0161iem un t\u012briem. Noziedz\u012bbas l\u012bmenis <\/span><a href=\"https:\/\/www.statista.com\/statistics\/534865\/annual-number-of-registered-crimes-in-belgium\/\" target=\"_blank\" rel=\"noopener\"><span style=\"font-weight: 400;\">tiek uzskat\u012bts par zemu<\/span><\/a><span style=\"font-weight: 400;\">, sabiedrisk\u0101s vietas ir labi uztur\u0113tas, un valsts par priorit\u0101ti izvirza vides ilgtsp\u0113ju, koncentr\u0113joties uz atkritumu samazin\u0101\u0161anu, p\u0101rstr\u0101di un za\u013co pils\u0113tpl\u0101no\u0161anu. \u0160\u0101da ap\u0146em\u0161an\u0101s uztur\u0113t vidi vesel\u012bgu un to uzlabot ir b\u016btisks faktors augstas dz\u012bves kvalit\u0101tes sasnieg\u0161an\u0101.<\/span><\/p>\n<h2>Dz\u012bve Be\u013c\u0123ij\u0101: Vai tas ir pareizais solis?<\/h2>\n<p><span style=\"font-weight: 400;\">Apl\u016bkojot Be\u013c\u0123ijas dz\u012bves priek\u0161roc\u012bbas un tr\u016bkumus, ieguvumi var viegli p\u0101rsv\u0113rt m\u012bnusus. Lai gan izaicin\u0101jumi, piel\u0101gojoties jaunai valstij un p\u0101rvaldot augst\u0101kas dz\u012bves izmaksas, ir tr\u016bkums, augst\u0101 dz\u012bves kvalit\u0101te, lieliskie soci\u0101l\u0101s dro\u0161\u012bbas t\u012bkli, sp\u0113c\u012bg\u0101 ekonomika un bag\u0101t\u012bg\u0101 kult\u016bras pieredze var viegli kompens\u0113t visus \u0161\u0137\u0113r\u0161\u013cus.<\/span><\/p>\n<p><picture><source srcset=\"https:\/\/robin.jobs\/lv\/wp-content\/webp-express\/webp-images\/doc-root\/wp-content\/uploads\/sites\/15\/2026\/04\/sieviete-ar-dzeltenu-kiveri-tur-transportlidzekla-dalu-1024x683.jpg.webp 1024w, https:\/\/robin.jobs\/lv\/wp-content\/webp-express\/webp-images\/doc-root\/wp-content\/uploads\/sites\/15\/2026\/04\/sieviete-ar-dzeltenu-kiveri-tur-transportlidzekla-dalu-300x200.jpg.webp 300w, https:\/\/robin.jobs\/lv\/wp-content\/webp-express\/webp-images\/doc-root\/wp-content\/uploads\/sites\/15\/2026\/04\/sieviete-ar-dzeltenu-kiveri-tur-transportlidzekla-dalu-768x512.jpg.webp 768w, https:\/\/robin.jobs\/lv\/wp-content\/webp-express\/webp-images\/doc-root\/wp-content\/uploads\/sites\/15\/2026\/04\/sieviete-ar-dzeltenu-kiveri-tur-transportlidzekla-dalu-1536x1024.jpg.webp 1536w, https:\/\/robin.jobs\/lv\/wp-content\/webp-express\/webp-images\/doc-root\/wp-content\/uploads\/sites\/15\/2026\/04\/sieviete-ar-dzeltenu-kiveri-tur-transportlidzekla-dalu-669x446.jpg.webp 669w, https:\/\/robin.jobs\/lv\/wp-content\/webp-express\/webp-images\/doc-root\/wp-content\/uploads\/sites\/15\/2026\/04\/sieviete-ar-dzeltenu-kiveri-tur-transportlidzekla-dalu.jpg.webp 1920w\" sizes=\"(max-width: 1024px) 100vw, 1024px\" type=\"image\/webp\"><img decoding=\"async\" class=\"alignnone size-large wp-image-1274824 webpexpress-processed\" src=\"https:\/\/robin.jobs\/lv\/wp-content\/uploads\/sites\/15\/2026\/04\/sieviete-ar-dzeltenu-kiveri-tur-transportlidzekla-dalu-1024x683.jpg\" alt=\"Sieviete Ar Dzeltenu Kiveri Tur Transportlidzekla Dalu\" width=\"1024\" height=\"683\" srcset=\"https:\/\/robin.jobs\/lv\/wp-content\/uploads\/sites\/15\/2026\/04\/sieviete-ar-dzeltenu-kiveri-tur-transportlidzekla-dalu-1024x683.jpg 1024w, https:\/\/robin.jobs\/lv\/wp-content\/uploads\/sites\/15\/2026\/04\/sieviete-ar-dzeltenu-kiveri-tur-transportlidzekla-dalu-300x200.jpg 300w, https:\/\/robin.jobs\/lv\/wp-content\/uploads\/sites\/15\/2026\/04\/sieviete-ar-dzeltenu-kiveri-tur-transportlidzekla-dalu-768x512.jpg 768w, https:\/\/robin.jobs\/lv\/wp-content\/uploads\/sites\/15\/2026\/04\/sieviete-ar-dzeltenu-kiveri-tur-transportlidzekla-dalu-1536x1024.jpg 1536w, https:\/\/robin.jobs\/lv\/wp-content\/uploads\/sites\/15\/2026\/04\/sieviete-ar-dzeltenu-kiveri-tur-transportlidzekla-dalu-669x446.jpg 669w, https:\/\/robin.jobs\/lv\/wp-content\/uploads\/sites\/15\/2026\/04\/sieviete-ar-dzeltenu-kiveri-tur-transportlidzekla-dalu.jpg 1920w\" sizes=\"(max-width: 1024px) 100vw, 1024px\"><\/picture><\/p>\n<p><span style=\"font-weight: 400;\">Avots: Pexels<\/span><\/p>\n<p><span style=\"font-weight: 400;\">Ja esat ekspatriants, kur\u0161 mekl\u0113 piepild\u012btu dz\u012bvi Be\u013c\u0123ij\u0101, <\/span><a href=\"https:\/\/robin.jobs\/lv\/\"><span style=\"font-weight: 400;\">Robin.jobs<\/span><\/a><span style=\"font-weight: 400;\"> var pal\u012bdz\u0113t jums spert pirmo soli. M\u016bsu person\u0101la atlases speci\u0101listi specializ\u0113jas str\u0101dnieku savieno\u0161an\u0101 ar god\u012bg\u0101m un labi apmaks\u0101t\u0101m iesp\u0113j\u0101m da\u017e\u0101d\u0101s nozar\u0113s Be\u013c\u0123ij\u0101. M\u0113s sadarbojamies ar uzticam\u0101m nodarbin\u0101t\u012bbas a\u0123ent\u016br\u0101m, lai nodro\u0161in\u0101tu vienm\u0113r\u012bgu p\u0101reju \u2013 no <\/span><a href=\"https:\/\/robin.jobs\/lv\/darba-piedavajumi-arzemes\/belgija\"><span style=\"font-weight: 400;\">ide\u0101l\u0101 darba atra\u0161anas<\/span><\/a><span style=\"font-weight: 400;\"> l\u012bdz iek\u0101rto\u0161an\u0101s procesam j\u016bsu jaunaj\u0101 dz\u012bv\u0113.<\/span><\/p>\n<p><span style=\"font-weight: 400;\">Ja esat gatavs s\u0101kt ekspatrianta dz\u012bvi Be\u013c\u0123ij\u0101, dro\u0161i izveidojiet profilu jau \u0161odien un \u013caujiet mums pal\u012bdz\u0113t jums atrast n\u0101kamo darba vietu.<\/span><\/p>\n<h2>Bie\u017e\u0101k uzdotie jaut\u0101jumi<\/h2>\n<h3><span style=\"font-weight: 400;\">K\u0101da ir vid\u0113j\u0101 gada alga Be\u013c\u0123ij\u0101?<\/span><\/h3>\n<p><span style=\"font-weight: 400;\">Lai gan vid\u0113jie r\u0101d\u012bt\u0101ji katr\u0101 nozar\u0113 un pieredzes l\u012bmen\u012b b\u016bs at\u0161\u0137ir\u012bgi, minim\u0101l\u0101 alga ir 12,82 eiro stund\u0101, kas vid\u0113ji veido m\u0113ne\u0161a algu 2111,89 eiro apm\u0113r\u0101, ja str\u0101d\u0101jat 38 stundas ned\u0113\u013c\u0101.<\/span><\/p>\n<h3><span style=\"font-weight: 400;\">K\u0101das ir ang\u013cu valodas zin\u0101\u0161anas Be\u013c\u0123ij\u0101?<\/span><\/h3>\n<p><span style=\"font-weight: 400;\">Lai gan fran\u010du, holandie\u0161u un v\u0101cu valodas ir ofici\u0101l\u0101s valodas, ang\u013cu valoda tiek pla\u0161i lietota, jo \u012bpa\u0161i Brisel\u0113 un biznesa vid\u0113. Attiec\u012bb\u0101 uz ikdienas dz\u012bvi be\u013c\u0123i ir starp 10 lab\u0101kajiem ang\u013cu valod\u0101 run\u0101jo\u0161ajiem (kuriem t\u0101 nav dzimt\u0101 valoda) pasaul\u0113, kas noz\u012bm\u0113, ka ir sal\u012bdzino\u0161i viegli sazin\u0101ties neatkar\u012bgi no t\u0101, no kuras dz\u012bves jomas j\u016bs n\u0101kat.<\/span><\/p>\n<h3><span style=\"font-weight: 400;\">K\u0101ds ir darba un priv\u0101t\u0101s dz\u012bves l\u012bdzsvars Be\u013c\u0123ij\u0101?<\/span><\/h3>\n<p><span style=\"font-weight: 400;\">Be\u013c\u0123i par priorit\u0101ti izvirza darba un priv\u0101t\u0101s dz\u012bves l\u012bdzsvaru, un vald\u012bba tam pal\u012bdz, regul\u0113jot darba laiku un cen\u0161oties izveidot darba kult\u016bru, kas atbalsta elast\u012bgu darba k\u0101rt\u012bbu un apmaks\u0101tu atva\u013cin\u0101jumu.<\/span><\/p>\n<h3><span style=\"font-weight: 400;\">K\u0101 Robin.jobs var man pal\u012bdz\u0113t atrast darbu Be\u013c\u0123ij\u0101?<\/span><\/h3>\n<p><span style=\"font-weight: 400;\">Robin pal\u012bdz jums sazin\u0101ties ar uzticam\u0101m nodarbin\u0101t\u012bbas a\u0123ent\u016br\u0101m Be\u013c\u0123ij\u0101. M\u0113s varam pal\u012bdz\u0113t jums ar iek\u0101rto\u0161anu darb\u0101 un sniegt atbalstu (kop\u0101 ar a\u0123ent\u016bru) vis\u0101 p\u0101rcel\u0161an\u0101s un integr\u0101cijas proces\u0101. M\u016bsu sniegtie pakalpojumi ir piln\u012bgi bez maksas.<\/span><\/p>\n<h3><span style=\"font-weight: 400;\">Vai Be\u013c\u0123ija ir laba vieta dz\u012bvo\u0161anai \u0123imen\u0113m?<\/span><\/h3>\n<p><span style=\"font-weight: 400;\">J\u0101, Be\u013c\u0123ija bie\u017ei tiek uzskat\u012bta par lielisku vietu \u0123imen\u0113m t\u0101s augst\u0101s kvalit\u0101tes izgl\u012bt\u012bbas sist\u0113mas, visaptvero\u0161\u0101s vesel\u012bbas apr\u016bpes, b\u0113rnu apr\u016bpes atbalsta un \u0123imenei draudz\u012bgo aktivit\u0101\u0161u d\u0113\u013c.<\/span><\/p>\n","protected":false},"excerpt":{"rendered":"<p>Sap\u0146ojat par jaunu noda\u013cu \u0101rzem\u0113s, p\u0113tot aizraujo\u0161\u0101s valstis, ko pied\u0101v\u0101 Eiropa? Dz\u012bvo\u0161ana Be\u013c\u0123ij\u0101 var sniegt unik\u0101lu daudzveid\u012bgas kult\u016bras, bag\u0101tas v\u0113stures un augstas dz\u012bves kvalit\u0101tes apvienojumu. Lai gan valsts bie\u017ei paliek savu liel\u0101ko kaimi\u0146u \u0113n\u0101, \u0161\u012b maz\u0101, bet labi att\u012bst\u012bt\u0101 un noz\u012bm\u012bg\u0101 valsts var b\u016bt pievilc\u012bgs galam\u0113r\u0137is ekspatriantiem un str\u0101dniekiem, kuri ir gatavi jaunam piedz\u012bvojumam. Ja&#8230;<\/p>\n","protected":false},"author":38,"featured_media":1274823,"comment_status":"open","ping_status":"open","sticky":false,"template":"","format":"standard","meta":{"_acf_changed":false,"inline_featured_image":false,"footnotes":""},"categories":[1228,1229,1115],"tags":[],"class_list":["post-1274822","post","type-post","status-publish","format-standard","has-post-thumbnail","hentry","category-darbs","category-dzive","category-kultura","work-category-darbs-belgija"],"acf":[],"_links":{"self":[{"href":"https:\/\/robin.jobs\/lv\/wp-json\/wp\/v2\/posts\/1274822","targetHints":{"allow":["GET"]}}],"collection":[{"href":"https:\/\/robin.jobs\/lv\/wp-json\/wp\/v2\/posts"}],"about":[{"href":"https:\/\/robin.jobs\/lv\/wp-json\/wp\/v2\/types\/post"}],"author":[{"embeddable":true,"href":"https:\/\/robin.jobs\/lv\/wp-json\/wp\/v2\/users\/38"}],"replies":[{"embeddable":true,"href":"https:\/\/robin.jobs\/lv\/wp-json\/wp\/v2\/comments?post=1274822"}],"version-history":[{"count":1,"href":"https:\/\/robin.jobs\/lv\/wp-json\/wp\/v2\/posts\/1274822\/revisions"}],"predecessor-version":[{"id":1274827,"href":"https:\/\/robin.jobs\/lv\/wp-json\/wp\/v2\/posts\/1274822\/revisions\/1274827"}],"wp:featuredmedia":[{"embeddable":true,"href":"https:\/\/robin.jobs\/lv\/wp-json\/wp\/v2\/media\/1274823"}],"wp:attachment":[{"href":"https:\/\/robin.jobs\/lv\/wp-json\/wp\/v2\/media?parent=1274822"}],"wp:term":[{"taxonomy":"category","embeddable":true,"href":"https:\/\/robin.jobs\/lv\/wp-json\/wp\/v2\/categories?post=1274822"},{"taxonomy":"post_tag","embeddable":true,"href":"https:\/\/robin.jobs\/lv\/wp-json\/wp\/v2\/tags?post=1274822"}],"curies":[{"name":"wp","href":"https:\/\/api.w.org\/{rel}","templated":true}]}}