{"id":1252139,"date":"2026-04-25T06:30:04","date_gmt":"2026-04-25T03:30:04","guid":{"rendered":"https:\/\/robin.jobs\/hu\/?p=1252139"},"modified":"2026-04-25T06:30:04","modified_gmt":"2026-04-25T03:30:04","slug":"varosok-hollandiaban","status":"publish","type":"post","link":"https:\/\/robin.jobs\/hu\/munka-hollandiaban\/varosok-hollandiaban","title":{"rendered":"A legjobb v\u00e1rosok Hollandi\u00e1ban: Hol \u00e9rdemes letelepedned?"},"content":{"rendered":"<p><span style=\"font-weight: 400;\">Amikor k\u00fclf\u00f6ldi munkav\u00e1llal\u00e1sra gondolunk, legt\u00f6bben elk\u00f6vetj\u00fck azt a hib\u00e1t, hogy csak az orsz\u00e1gra koncentr\u00e1lunk, ahov\u00e1 k\u00f6lt\u00f6zni szeretn\u00e9nk, \u00e9s gyakran elhanyagoljuk a r\u00e9szleteket. Ny\u00fczsg\u0151 nagyv\u00e1ros legyen vagy egy kisebb telep\u00fcl\u00e9s? Ha Hollandi\u00e1ba k\u00e9sz\u00fclsz, val\u00f3sz\u00edn\u0171leg Amszterdam vagy Rotterdam mer\u00fclt fel benned lehets\u00e9ges opci\u00f3k\u00e9nt. Azonban ezen a k\u00e9t legnagyobb v\u00e1roson k\u00edv\u00fcl m\u00e9g sz\u00e1mos nagyszer\u0171 hely v\u00e1r r\u00e1d.<\/span><\/p>\n<p><span style=\"font-weight: 400;\">Ebben a cikkben bemutatjuk a legjobb lak\u00f3helyeket, figyelembe v\u00e9ve olyan t\u00e9nyez\u0151ket, mint a biztons\u00e1g, a meg\u00e9lhet\u00e9si k\u00f6lts\u00e9gek, az ingatlanpiac \u00e9s a munkalehet\u0151s\u00e9gek.<\/span><\/p>\n<h2>Hollandia r\u00f6viden: \u00c1ttekint\u00e9s<\/h2>\n<p><span style=\"font-weight: 400;\">Hollandia alkotm\u00e1nyos monarchia parlament\u00e1ris demokr\u00e1ci\u00e1val, amely rendszer t\u00f6rt\u00e9nelmileg el\u0151seg\u00edtette a t\u00f6bbp\u00e1rti politikai palett\u00e1t. Az orsz\u00e1g a toleranci\u00e1j\u00e1r\u00f3l \u00e9s a konszenzuson alapul\u00f3 \u201epolder-modell\u201d korm\u00e1nyz\u00e1s\u00e1r\u00f3l ismert. T\u00f6bb mint 18 milli\u00f3 lakos\u00e1val Eur\u00f3pa egyik legs\u0171r\u0171bben lakott orsz\u00e1ga. Szer\u00e9ny m\u00e9rete ellen\u00e9re a holland gazdas\u00e1g rendk\u00edv\u00fcl fejlett, er\u0151s kereskedelmi f\u00f3kusszal \u00e9s leny\u0171g\u00f6z\u0151 egy f\u0151re jut\u00f3 GDP-vel rendelkezik.<\/span><\/p>\n<p><span style=\"font-weight: 400;\">Annak ellen\u00e9re, hogy a legnagyobb varosok hollandiaban a legn\u00e9pszer\u0171bb c\u00e9lpontok a k\u00fclf\u00f6ldiek k\u00f6r\u00e9ben, sz\u00e1mtalan m\u00e1s kisebb v\u00e1ros is \u00e9rdemes a figyelemre, k\u00fcl\u00f6n\u00f6sen, ha kord\u00e1ban szeretn\u00e9d tartani a meg\u00e9lhet\u00e9si k\u00f6lts\u00e9geket. M\u00e9g ekkor sem leszel elv\u00e1gva az orsz\u00e1g t\u00f6bbi r\u00e9sz\u00e9t\u0151l, mivel Hollandia <\/span><a href=\"https:\/\/www.leideninternationalcentre.nl\/get-advice\/blogs\/dutch-public-transport-system-everything-you-need-to-know\" target=\"_blank\" rel=\"noopener\"><span style=\"font-weight: 400;\">kiemelked\u0151 k\u00f6zleked\u00e9s<\/span><\/a><span style=\"font-weight: 400;\">i \u00e9s \u00fath\u00e1l\u00f3zattal rendelkezik, \u00edgy a napi ing\u00e1z\u00e1s vagy a h\u00e9tv\u00e9gi kir\u00e1ndul\u00e1sok k\u00f6nnyen megszervezhet\u0151k.<\/span><\/p>\n<h2>Hollandia legnagyobb v\u00e1rosai<\/h2>\n<p><span style=\"font-weight: 400;\">Melyek Hollandia legnagyobb v\u00e1rosai lakoss\u00e1gsz\u00e1m alapj\u00e1n? Nem meglep\u0151 m\u00f3don az orsz\u00e1g f\u0151v\u00e1rosa, Amszterdam a legnagyobb, k\u00f6zel egymilli\u00f3 lakossal. A m\u00e1sodik a sorban a hatalmas kik\u00f6t\u0151v\u00e1ros, Rotterdam, k\u00f6r\u00fclbel\u00fcl 660 ezer f\u0151vel. A harmadik legnagyobb v\u00e1ros H\u00e1ga, a nemzetk\u00f6zi b\u00e9ke \u00e9s igazs\u00e1gszolg\u00e1ltat\u00e1s glob\u00e1lis k\u00f6zpontja, t\u00f6bb mint f\u00e9lmilli\u00f3 lakossal.<\/span><\/p>\n<h2>A legn\u00e9pszer\u0171bb v\u00e1rosok Hollandi\u00e1ban<\/h2>\n<h3><span style=\"font-weight: 400;\">Amszterdam<\/span><\/h3>\n<p><span style=\"font-weight: 400;\">Amikor a legjobb hollandiai v\u00e1rosokra gondolunk, a legt\u00f6bb embernek automatikusan a f\u0151v\u00e1ros, Amszterdam ugrik be. Ez egy vibr\u00e1l\u00f3 expat- \u00e9s \u00fczleti k\u00f6zpont, fest\u0151i t\u00e1jaival, csatorn\u00e1ival \u00e9s dinamikus k\u00f6z\u00f6ss\u00e9g\u00e9vel k\u00f6nny\u0171 meg\u00e9rteni a n\u00e9pszer\u0171s\u00e9g\u00e9t. F\u0151v\u00e1rosk\u00e9nt mindig t\u00f6rt\u00e9nik valami, legyen sz\u00f3 kikapcsol\u00f3d\u00e1sr\u00f3l, kult\u00far\u00e1r\u00f3l vagy b\u00e1rmi m\u00e1sr\u00f3l. A vil\u00e1gsz\u00ednvonal\u00fa m\u00fazeumokt\u00f3l a remek pubokig a sz\u00f3rakoz\u00e1s mindig karny\u00fajt\u00e1snyira van.<\/span><\/p>\n<p><picture><source srcset=\"https:\/\/robin.jobs\/hu\/wp-content\/webp-express\/webp-images\/doc-root\/wp-content\/uploads\/sites\/16\/2026\/04\/kulonbozo-magas-epuletek-1024x684.jpg.webp 1024w, https:\/\/robin.jobs\/hu\/wp-content\/webp-express\/webp-images\/doc-root\/wp-content\/uploads\/sites\/16\/2026\/04\/kulonbozo-magas-epuletek-300x200.jpg.webp 300w, https:\/\/robin.jobs\/hu\/wp-content\/webp-express\/webp-images\/doc-root\/wp-content\/uploads\/sites\/16\/2026\/04\/kulonbozo-magas-epuletek-768x513.jpg.webp 768w, https:\/\/robin.jobs\/hu\/wp-content\/webp-express\/webp-images\/doc-root\/wp-content\/uploads\/sites\/16\/2026\/04\/kulonbozo-magas-epuletek-668x446.jpg.webp 668w, https:\/\/robin.jobs\/hu\/wp-content\/webp-express\/webp-images\/doc-root\/wp-content\/uploads\/sites\/16\/2026\/04\/kulonbozo-magas-epuletek.jpg.webp 1279w\" sizes=\"(max-width: 1024px) 100vw, 1024px\" type=\"image\/webp\"><img fetchpriority=\"high\" decoding=\"async\" class=\"alignnone size-large wp-image-1252148 webpexpress-processed\" src=\"https:\/\/robin.jobs\/hu\/wp-content\/uploads\/sites\/16\/2026\/04\/kulonbozo-magas-epuletek-1024x684.jpg\" alt=\"Kulonbozo Magas Epuletek\" width=\"1024\" height=\"684\" srcset=\"https:\/\/robin.jobs\/hu\/wp-content\/uploads\/sites\/16\/2026\/04\/kulonbozo-magas-epuletek-1024x684.jpg 1024w, https:\/\/robin.jobs\/hu\/wp-content\/uploads\/sites\/16\/2026\/04\/kulonbozo-magas-epuletek-300x200.jpg 300w, https:\/\/robin.jobs\/hu\/wp-content\/uploads\/sites\/16\/2026\/04\/kulonbozo-magas-epuletek-768x513.jpg 768w, https:\/\/robin.jobs\/hu\/wp-content\/uploads\/sites\/16\/2026\/04\/kulonbozo-magas-epuletek-668x446.jpg 668w, https:\/\/robin.jobs\/hu\/wp-content\/uploads\/sites\/16\/2026\/04\/kulonbozo-magas-epuletek.jpg 1279w\" sizes=\"(max-width: 1024px) 100vw, 1024px\"><\/picture><\/p>\n<p><span style=\"font-weight: 400;\">Forr\u00e1s: Pexels<\/span><\/p>\n<p><span style=\"font-weight: 400;\">K\u00f6r\u00fclbel\u00fcl 918 117 f\u0151s lakoss\u00e1g\u00e1val nem \u00e9ppen megav\u00e1ros, de \u00e9ppen el\u00e9g ahhoz, hogy elvessz a t\u00f6megben, ha erre v\u00e1gysz. A v\u00e1rosban t\u00f6bb tucat park tal\u00e1lhat\u00f3, \u00e9s h\u00e9t ker\u00fcletre oszlik.<\/span><\/p>\n<p><span style=\"font-weight: 400;\">A f\u0151v\u00e1rosi \u00e9let h\u00e1tr\u00e1nya? A meg\u00e9lhet\u00e9si k\u00f6lts\u00e9gek komoly aggodalomra adhatnak okot, k\u00fcl\u00f6n\u00f6sen az ingatlanpiacon. Amszterdamot Hollandia (\u00e9s az eg\u00e9sz kontinens) legdr\u00e1g\u00e1bb v\u00e1ros\u00e1nak tartj\u00e1k a lakhat\u00e1s tekintet\u00e9ben.<\/span><\/p>\n<h3><span style=\"font-weight: 400;\">Rotterdam<\/span><\/h3>\n<p><span style=\"font-weight: 400;\">F\u00fcggetlen\u00fcl att\u00f3l, hogy hol k\u00f6tsz ki, Rotterdam a legjobb l\u00e1tnival\u00f3k k\u00f6z\u00e9 tartozik Hollandi\u00e1ban, s\u0151t, lak\u00f3helynek is kiv\u00e1l\u00f3. M\u00e1sodik legnagyobb v\u00e1rosk\u00e9nt modern v\u00e1rosk\u00e9ppel b\u00fcszk\u00e9lkedhet, ami mer\u00e9sz, modern megjelen\u00e9st k\u00f6lcs\u00f6n\u00f6z az egy\u00e9bk\u00e9nt hagyom\u00e1ny\u0151rz\u0151 orsz\u00e1gnak.<\/span><\/p>\n<p><picture><source srcset=\"https:\/\/robin.jobs\/hu\/wp-content\/webp-express\/webp-images\/doc-root\/wp-content\/uploads\/sites\/16\/2026\/04\/magas-epulet-a-viztest-mellett-1024x675.jpg.webp 1024w, https:\/\/robin.jobs\/hu\/wp-content\/webp-express\/webp-images\/doc-root\/wp-content\/uploads\/sites\/16\/2026\/04\/magas-epulet-a-viztest-mellett-300x198.jpg.webp 300w, https:\/\/robin.jobs\/hu\/wp-content\/webp-express\/webp-images\/doc-root\/wp-content\/uploads\/sites\/16\/2026\/04\/magas-epulet-a-viztest-mellett-768x506.jpg.webp 768w, https:\/\/robin.jobs\/hu\/wp-content\/webp-express\/webp-images\/doc-root\/wp-content\/uploads\/sites\/16\/2026\/04\/magas-epulet-a-viztest-mellett-677x446.jpg.webp 677w, https:\/\/robin.jobs\/hu\/wp-content\/webp-express\/webp-images\/doc-root\/wp-content\/uploads\/sites\/16\/2026\/04\/magas-epulet-a-viztest-mellett.jpg.webp 1279w\" sizes=\"(max-width: 1024px) 100vw, 1024px\" type=\"image\/webp\"><img decoding=\"async\" class=\"alignnone size-large wp-image-1252142 webpexpress-processed\" src=\"https:\/\/robin.jobs\/hu\/wp-content\/uploads\/sites\/16\/2026\/04\/magas-epulet-a-viztest-mellett-1024x675.jpg\" alt=\"Magas Epulet A Viztest Mellett\" width=\"1024\" height=\"675\" srcset=\"https:\/\/robin.jobs\/hu\/wp-content\/uploads\/sites\/16\/2026\/04\/magas-epulet-a-viztest-mellett-1024x675.jpg 1024w, https:\/\/robin.jobs\/hu\/wp-content\/uploads\/sites\/16\/2026\/04\/magas-epulet-a-viztest-mellett-300x198.jpg 300w, https:\/\/robin.jobs\/hu\/wp-content\/uploads\/sites\/16\/2026\/04\/magas-epulet-a-viztest-mellett-768x506.jpg 768w, https:\/\/robin.jobs\/hu\/wp-content\/uploads\/sites\/16\/2026\/04\/magas-epulet-a-viztest-mellett-677x446.jpg 677w, https:\/\/robin.jobs\/hu\/wp-content\/uploads\/sites\/16\/2026\/04\/magas-epulet-a-viztest-mellett.jpg 1279w\" sizes=\"(max-width: 1024px) 100vw, 1024px\"><\/picture><\/p>\n<p><span style=\"font-weight: 400;\">Forr\u00e1s: Pexels<\/span><\/p>\n<p><span style=\"font-weight: 400;\">A f\u0151v\u00e1roshoz hasonl\u00f3an Rotterdam is egy multikultur\u00e1lis metropolisz, vibr\u00e1l\u00f3 kultur\u00e1lis \u00e9lettel \u00e9s kiemelked\u0151 v\u00e1rosi \u00e9p\u00edt\u00e9szettel. Itt tal\u00e1lhat\u00f3 Eur\u00f3pa legnagyobb kik\u00f6t\u0151je, az Europoort, amely nemcsak turisztikai l\u00e1tv\u00e1nyoss\u00e1g, hanem jelent\u0151s munkalehet\u0151s\u00e9geket is k\u00edn\u00e1lhat.<\/span><\/p>\n<p><span style=\"font-weight: 400;\">A v\u00e1rosi k\u00f6rnyezet miatt az ingatlanpiac itt is kiss\u00e9 dr\u00e1ga, de az \u00fczleti k\u00f6zpontok \u00e9s a fizikai munkalehet\u0151s\u00e9gek b\u0151s\u00e9ge vonz\u00f3 c\u00e9lpontt\u00e1 teheti a v\u00e1rost b\u00e1rki sz\u00e1m\u00e1ra, aki \u00faj \u00e9letet akar kezdeni Hollandi\u00e1ban.<\/span><\/p>\n<h3><span style=\"font-weight: 400;\">Utrecht<\/span><\/h3>\n<p><span style=\"font-weight: 400;\">Utrecht Hollandia egyik legszebb v\u00e1rosa, f\u0151k\u00e9nt az\u00e9rt, mert ezt a r\u00e9gi v\u00e1rost gyakran \u201ekis Amszterdamk\u00e9nt\u201d is emlegetik. A t\u00f6rt\u00e9nelmi k\u00f6zpont tele van b\u00e1jos csatorn\u00e1kkal \u00e9s hasonl\u00f3 \u00e9p\u00edt\u00e9szeti st\u00edlussal rendelkezik. Kiv\u00e1l\u00f3 az \u00f6sszek\u00f6ttet\u00e9se a nagyobb v\u00e1rosokkal, mint a f\u0151v\u00e1ros, H\u00e1ga \u00e9s Rotterdam.<\/span><\/p>\n<p><span style=\"font-weight: 400;\">Utrecht a <\/span><a href=\"https:\/\/www.utrechtinternationalcenter.com\/en\/news\/five-reasons-why-utrecht-is-such-a-great-city-to-live-in\" target=\"_blank\" rel=\"noopener\"><span style=\"font-weight: 400;\">legn\u00e9pszer\u0171bb lak\u00f3helyek k\u00f6z\u00e9 tartozik<\/span><\/a><span style=\"font-weight: 400;\">, de a dr\u00e1g\u00e1bb v\u00e1rosok k\u00f6z\u00e9 is sorolhat\u00f3, k\u00fcl\u00f6n\u00f6sen a belv\u00e1rosi lakhat\u00e1s tekintet\u00e9ben. A k\u00fclv\u00e1rosok sokkal olcs\u00f3bbak, \u00e9s ha nem b\u00e1nod az ing\u00e1z\u00e1st, v\u00e1laszthatsz egy kisebb v\u00e1rost is, p\u00e9ld\u00e1ul Amersfoortot, amely szint\u00e9n a k\u00fclf\u00f6ldiek kedvence.<\/span><\/p>\n<p><picture><source srcset=\"https:\/\/robin.jobs\/hu\/wp-content\/webp-express\/webp-images\/doc-root\/wp-content\/uploads\/sites\/16\/2026\/04\/pajta-a-szelmalom-mellett-nappal-1024x682.jpg.webp 1024w, https:\/\/robin.jobs\/hu\/wp-content\/webp-express\/webp-images\/doc-root\/wp-content\/uploads\/sites\/16\/2026\/04\/pajta-a-szelmalom-mellett-nappal-300x200.jpg.webp 300w, https:\/\/robin.jobs\/hu\/wp-content\/webp-express\/webp-images\/doc-root\/wp-content\/uploads\/sites\/16\/2026\/04\/pajta-a-szelmalom-mellett-nappal-768x512.jpg.webp 768w, https:\/\/robin.jobs\/hu\/wp-content\/webp-express\/webp-images\/doc-root\/wp-content\/uploads\/sites\/16\/2026\/04\/pajta-a-szelmalom-mellett-nappal-669x446.jpg.webp 669w, https:\/\/robin.jobs\/hu\/wp-content\/webp-express\/webp-images\/doc-root\/wp-content\/uploads\/sites\/16\/2026\/04\/pajta-a-szelmalom-mellett-nappal.jpg.webp 1280w\" sizes=\"(max-width: 1024px) 100vw, 1024px\" type=\"image\/webp\"><img decoding=\"async\" class=\"alignnone size-large wp-image-1252149 webpexpress-processed\" src=\"https:\/\/robin.jobs\/hu\/wp-content\/uploads\/sites\/16\/2026\/04\/pajta-a-szelmalom-mellett-nappal-1024x682.jpg\" alt=\"Pajta A Szelmalom Mellett Nappal\" width=\"1024\" height=\"682\" srcset=\"https:\/\/robin.jobs\/hu\/wp-content\/uploads\/sites\/16\/2026\/04\/pajta-a-szelmalom-mellett-nappal-1024x682.jpg 1024w, https:\/\/robin.jobs\/hu\/wp-content\/uploads\/sites\/16\/2026\/04\/pajta-a-szelmalom-mellett-nappal-300x200.jpg 300w, https:\/\/robin.jobs\/hu\/wp-content\/uploads\/sites\/16\/2026\/04\/pajta-a-szelmalom-mellett-nappal-768x512.jpg 768w, https:\/\/robin.jobs\/hu\/wp-content\/uploads\/sites\/16\/2026\/04\/pajta-a-szelmalom-mellett-nappal-669x446.jpg 669w, https:\/\/robin.jobs\/hu\/wp-content\/uploads\/sites\/16\/2026\/04\/pajta-a-szelmalom-mellett-nappal.jpg 1280w\" sizes=\"(max-width: 1024px) 100vw, 1024px\"><\/picture><\/p>\n<p><span style=\"font-weight: 400;\">Forr\u00e1s: Pexels<\/span><\/p>\n<p><span style=\"font-weight: 400;\">Ha \u00e9rt\u00e9keled a sz\u00e9p kil\u00e1t\u00e1st \u00e9s a leny\u0171g\u00f6z\u0151 \u00e9p\u00edt\u00e9szetet, akkor Utrecht biztosan remek \u00faj otthonod lesz.<\/span><\/p>\n<h3><span style=\"font-weight: 400;\">Eindhoven<\/span><\/h3>\n<p><span style=\"font-weight: 400;\">Eindhoven az elektronikai \u00f3ri\u00e1s, a Philips otthona, de m\u00e1s high-tech c\u00e9geknek is helyet ad, mint p\u00e9ld\u00e1ul a Siemens vagy a Microsoft. A High-Tech Campus p\u00e9ld\u00e1ul egymaga t\u00f6bb mint 300 v\u00e1llalatnak ad otthont. Ezt a vibr\u00e1l\u00f3 technol\u00f3giai k\u00f6zpontot gyakran \u201eholland Szil\u00edcium-v\u00f6lgynek\u201d is nevezik.<\/span><\/p>\n<p><picture><source srcset=\"https:\/\/robin.jobs\/hu\/wp-content\/webp-express\/webp-images\/doc-root\/wp-content\/uploads\/sites\/16\/2026\/04\/irodahaz-ejszaka-kivilagitva-1024x658.jpg.webp 1024w, https:\/\/robin.jobs\/hu\/wp-content\/webp-express\/webp-images\/doc-root\/wp-content\/uploads\/sites\/16\/2026\/04\/irodahaz-ejszaka-kivilagitva-300x193.jpg.webp 300w, https:\/\/robin.jobs\/hu\/wp-content\/webp-express\/webp-images\/doc-root\/wp-content\/uploads\/sites\/16\/2026\/04\/irodahaz-ejszaka-kivilagitva-768x493.jpg.webp 768w, https:\/\/robin.jobs\/hu\/wp-content\/webp-express\/webp-images\/doc-root\/wp-content\/uploads\/sites\/16\/2026\/04\/irodahaz-ejszaka-kivilagitva-695x446.jpg.webp 695w, https:\/\/robin.jobs\/hu\/wp-content\/webp-express\/webp-images\/doc-root\/wp-content\/uploads\/sites\/16\/2026\/04\/irodahaz-ejszaka-kivilagitva.jpg.webp 1280w\" sizes=\"(max-width: 1024px) 100vw, 1024px\" type=\"image\/webp\"><img loading=\"lazy\" decoding=\"async\" class=\"alignnone size-large wp-image-1252140 webpexpress-processed\" src=\"https:\/\/robin.jobs\/hu\/wp-content\/uploads\/sites\/16\/2026\/04\/irodahaz-ejszaka-kivilagitva-1024x658.jpg\" alt=\"Irodahaz Ejszaka Kivilagitva\" width=\"1024\" height=\"658\" srcset=\"https:\/\/robin.jobs\/hu\/wp-content\/uploads\/sites\/16\/2026\/04\/irodahaz-ejszaka-kivilagitva-1024x658.jpg 1024w, https:\/\/robin.jobs\/hu\/wp-content\/uploads\/sites\/16\/2026\/04\/irodahaz-ejszaka-kivilagitva-300x193.jpg 300w, https:\/\/robin.jobs\/hu\/wp-content\/uploads\/sites\/16\/2026\/04\/irodahaz-ejszaka-kivilagitva-768x493.jpg 768w, https:\/\/robin.jobs\/hu\/wp-content\/uploads\/sites\/16\/2026\/04\/irodahaz-ejszaka-kivilagitva-695x446.jpg 695w, https:\/\/robin.jobs\/hu\/wp-content\/uploads\/sites\/16\/2026\/04\/irodahaz-ejszaka-kivilagitva.jpg 1280w\" sizes=\"(max-width: 1024px) 100vw, 1024px\"><\/picture><\/p>\n<p><span style=\"font-weight: 400;\">Forr\u00e1s: Pexels<\/span><\/p>\n<p><span style=\"font-weight: 400;\">Ha szereted a term\u00e9szetet, im\u00e1dni fogod, hogy Eindhoven az orsz\u00e1g egyik legz\u00f6ldebb v\u00e1rosa: a belv\u00e1ros t\u00f6bb mint 28%-a z\u00f6ldter\u00fclet. A v\u00e1rosk\u00f6zpontban sok a lakhat\u00e1si lehet\u0151s\u00e9g, de az \u00e1rak magasak. \u00c9sszer\u0171bb \u00f6tlet a k\u00fclf\u00f6ldiek sz\u00e1m\u00e1ra (k\u00fcl\u00f6n\u00f6sen, ha csal\u00e1ddal k\u00f6lt\u00f6znek), ha a v\u00e1ros perem\u00e9n keresnek valamit, p\u00e9ld\u00e1ul Karpen vagy Woensel-West k\u00f6rny\u00e9k\u00e9n, ahol t\u00e1gasabb \u00e9s olcs\u00f3bb opci\u00f3k tal\u00e1lhat\u00f3k.<\/span><\/p>\n<h3><span style=\"font-weight: 400;\">Groningen<\/span><\/h3>\n<p><span style=\"font-weight: 400;\">\u00c9szak legnagyobb v\u00e1rosa, Groningen egy csendesebb hely, \u00e9ppen el\u00e9g \u00e9lettel ahhoz, hogy ne unatkozz. A k\u00f6r\u00fclbel\u00fcl 230 000 lakos\u00fa v\u00e1ros k\u00f6zpontja vibr\u00e1l\u00f3, \u00e9l\u00e9nk kultur\u00e1lis \u00e9s m\u0171v\u00e9szeti \u00e9lettel.<\/span><\/p>\n<p><span style=\"font-weight: 400;\">M\u00e9g ha nem is itt laksz, Groningen a legjobb l\u00e1tnival\u00f3k k\u00f6z\u00e9 tartozik, <\/span><a href=\"https:\/\/ec.europa.eu\/regional_policy\/information-sources\/maps\/quality-of-life_en\" target=\"_blank\" rel=\"noopener\"><span style=\"font-weight: 400;\">mivel folyamatosan Eur\u00f3pa legboldogabb<\/span><\/a><span style=\"font-weight: 400;\"> helyei k\u00f6z\u00e9 sorolj\u00e1k. Az Eur\u00f3pai Bizotts\u00e1g jelent\u00e9sei szerint a v\u00e1ros el\u0151kel\u0151 helyen \u00e1ll sz\u00e1mos fontos t\u00e9nyez\u0151ben, mint p\u00e9ld\u00e1ul az eg\u00e9szs\u00e9g\u00fcgy min\u0151s\u00e9ge, az oktat\u00e1s \u00e9s a mindennapi \u00e9letvitel.<\/span><\/p>\n<p><img loading=\"lazy\" decoding=\"async\" class=\"alignnone size-large wp-image-1252144\" src=\"https:\/\/robin.jobs\/hu\/wp-content\/uploads\/sites\/16\/2026\/04\/kerekparok-a-keritesnel-a-folyo-mellett-1024x826.jpg\" alt=\"Kerekparok A Keritesnel A Folyo Mellett\" width=\"1024\" height=\"826\" srcset=\"https:\/\/robin.jobs\/hu\/wp-content\/uploads\/sites\/16\/2026\/04\/kerekparok-a-keritesnel-a-folyo-mellett-1024x826.jpg 1024w, https:\/\/robin.jobs\/hu\/wp-content\/uploads\/sites\/16\/2026\/04\/kerekparok-a-keritesnel-a-folyo-mellett-300x242.jpg 300w, https:\/\/robin.jobs\/hu\/wp-content\/uploads\/sites\/16\/2026\/04\/kerekparok-a-keritesnel-a-folyo-mellett-768x620.jpg 768w, https:\/\/robin.jobs\/hu\/wp-content\/uploads\/sites\/16\/2026\/04\/kerekparok-a-keritesnel-a-folyo-mellett-553x446.jpg 553w, https:\/\/robin.jobs\/hu\/wp-content\/uploads\/sites\/16\/2026\/04\/kerekparok-a-keritesnel-a-folyo-mellett.jpg 1280w\" sizes=\"(max-width: 1024px) 100vw, 1024px\" \/><\/p>\n<p><span style=\"font-weight: 400;\">Forr\u00e1s: Pexels<\/span><\/p>\n<p><span style=\"font-weight: 400;\">Ha Groningent v\u00e1lasztod, \u00f6r\u00f6mmel fogod tapasztalni, hogy nem tartozik Hollandia legdr\u00e1g\u00e1bb v\u00e1rosai k\u00f6z\u00e9. Mivel a Randstad r\u00e9gi\u00f3n k\u00edv\u00fcl esik, a meg\u00e9lhet\u00e9si k\u00f6lts\u00e9gek jelent\u0151sen alacsonyabbak, mint m\u00e1s ny\u00fczsg\u0151 v\u00e1rosokban: a b\u00e9rleti d\u00edjak \u00e1tlagosan 53%-kal alacsonyabbak, mint a f\u0151v\u00e1rosban. Groningennek t\u00f6bb, k\u00fclf\u00f6ldiek \u00e1ltal kedvelt negyede van, mint p\u00e9ld\u00e1ul Rivierenbuurt, Zeeheldenbuurt, Schilderswijk vagy Oosterpoort.<\/span><\/p>\n<h3><span style=\"font-weight: 400;\">Maastricht<\/span><\/h3>\n<p><span style=\"font-weight: 400;\">V\u00e9gezet\u00fcl itt egy t\u00f6rt\u00e9nelmi v\u00e1ros d\u00e9lr\u0151l, Limburg tartom\u00e1ny f\u0151v\u00e1rosa. A v\u00e1ros a Maas foly\u00f3 partj\u00e1n fekszik, l\u00e9legzetel\u00e1ll\u00edt\u00f3 kil\u00e1t\u00e1ssal, k\u00f6z\u00e9pkori \u00e9p\u00edt\u00e9szettel \u00e9s macskak\u00f6ves utc\u00e1kkal. A v\u00e1ros nemcsak a t\u00f6rt\u00e9nelmi l\u00e1tnival\u00f3kr\u00f3l sz\u00f3l, hanem saj\u00e1tos kozmopolita l\u00e9gk\u00f6rrel is rendelkezik a n\u00e9met \u00e9s belga hat\u00e1r k\u00f6zels\u00e9g\u00e9nek k\u00f6sz\u00f6nhet\u0151en.<\/span><\/p>\n<p><span style=\"font-weight: 400;\">Maastrichtnak mindenk\u00e9ppen szerepelnie kell a list\u00e1don, ha szereted a t\u00f6rt\u00e9nelmet. Itt tal\u00e1lhat\u00f3 az orsz\u00e1g m\u00e1sodik legt\u00f6bb m\u0171eml\u00e9ke Amszterdam ut\u00e1n. A v\u00e1ros ad otthont az orsz\u00e1g egyik legr\u00e9gebbi templom\u00e1nak (Sint-Servaasbasiliek) \u00e9s legr\u00e9gebbi h\u00eddj\u00e1nak (Sint Servaasbrug). Maastricht a holland karnev\u00e1lok v\u00e1rosa is, \u00e9vente itt rendezik a kontinens egyik legnagyobb karnev\u00e1lj\u00e1t.<\/span><\/p>\n<p><picture><source srcset=\"https:\/\/robin.jobs\/hu\/wp-content\/webp-express\/webp-images\/doc-root\/wp-content\/uploads\/sites\/16\/2026\/04\/viztest-a-hazak-mellett-1024x682.jpg.webp 1024w, https:\/\/robin.jobs\/hu\/wp-content\/webp-express\/webp-images\/doc-root\/wp-content\/uploads\/sites\/16\/2026\/04\/viztest-a-hazak-mellett-300x200.jpg.webp 300w, https:\/\/robin.jobs\/hu\/wp-content\/webp-express\/webp-images\/doc-root\/wp-content\/uploads\/sites\/16\/2026\/04\/viztest-a-hazak-mellett-768x511.jpg.webp 768w, https:\/\/robin.jobs\/hu\/wp-content\/webp-express\/webp-images\/doc-root\/wp-content\/uploads\/sites\/16\/2026\/04\/viztest-a-hazak-mellett-670x446.jpg.webp 670w, https:\/\/robin.jobs\/hu\/wp-content\/webp-express\/webp-images\/doc-root\/wp-content\/uploads\/sites\/16\/2026\/04\/viztest-a-hazak-mellett.jpg.webp 1280w\" sizes=\"(max-width: 1024px) 100vw, 1024px\" type=\"image\/webp\"><img loading=\"lazy\" decoding=\"async\" class=\"alignnone size-large wp-image-1252145 webpexpress-processed\" src=\"https:\/\/robin.jobs\/hu\/wp-content\/uploads\/sites\/16\/2026\/04\/viztest-a-hazak-mellett-1024x682.jpg\" alt=\"Viztest A Hazak Mellett\" width=\"1024\" height=\"682\" srcset=\"https:\/\/robin.jobs\/hu\/wp-content\/uploads\/sites\/16\/2026\/04\/viztest-a-hazak-mellett-1024x682.jpg 1024w, https:\/\/robin.jobs\/hu\/wp-content\/uploads\/sites\/16\/2026\/04\/viztest-a-hazak-mellett-300x200.jpg 300w, https:\/\/robin.jobs\/hu\/wp-content\/uploads\/sites\/16\/2026\/04\/viztest-a-hazak-mellett-768x511.jpg 768w, https:\/\/robin.jobs\/hu\/wp-content\/uploads\/sites\/16\/2026\/04\/viztest-a-hazak-mellett-670x446.jpg 670w, https:\/\/robin.jobs\/hu\/wp-content\/uploads\/sites\/16\/2026\/04\/viztest-a-hazak-mellett.jpg 1280w\" sizes=\"(max-width: 1024px) 100vw, 1024px\"><\/picture><\/p>\n<p><span style=\"font-weight: 400;\">Forr\u00e1s: Pexels<\/span><\/p>\n<p><span style=\"font-weight: 400;\">Sok k\u00fclf\u00f6ldi v\u00e1lasztja Wyck \u00e9s C\u00e9ramique negyed\u00e9t, amelyek a Maas keleti partj\u00e1n tal\u00e1lhat\u00f3k, s\u00e9tat\u00e1vols\u00e1gra a belv\u00e1rost\u00f3l. Tov\u00e1bbi vonz\u00f3 negyedek a Boschstraatkwartier, Bosscherveld \u00e9s Lanakerveld. D\u00e9len Sint Pieter egy z\u00f6ld\u00f6vezeti lak\u00f3negyed, ahonnan gyorsan el\u00e9rhet\u0151k a k\u00f6rny\u00e9k legjelent\u0151sebb l\u00e1tnival\u00f3i, mint a Zonneberg-barlangok vagy a Hoeve Lichtenberg v\u00e1rromok.<\/span><\/p>\n<h2>V\u00e1rosok Hollandi\u00e1ban: Fontos szempontok<\/h2>\n<p><span style=\"font-weight: 400;\">Term\u00e9szetesen m\u00e1s helyeket is \u00e9rdemes megn\u00e9zni, mint p\u00e9ld\u00e1ul Tilburg, Nijmegen, Almere vagy Breda. H\u00e1ny v\u00e1ros van Hollandi\u00e1ban? A \u201ev\u00e1ros\u201d defin\u00edci\u00f3j\u00e1t\u00f3l f\u00fcgg\u0151en nagyj\u00e1b\u00f3l t\u00f6bb mint 300, \u00edgy mindegyiket \u00e1tvenni \u00f6r\u00f6kk\u00e9 tartana. Ez\u00e9rt csak a legn\u00e9pszer\u0171bb c\u00e9lpontokat v\u00e1logattuk ki, amelyek gyakran szerepelnek a szellemi \u00e9s fizikai munk\u00e1sok t\u00e9rk\u00e9p\u00e9n is.<\/span><\/p>\n<p><span style=\"font-weight: 400;\">Az al\u00e1bbiakban megpr\u00f3b\u00e1lunk v\u00e1laszolni a holland v\u00e1rosokkal kapcsolatos gyakori k\u00e9rd\u00e9sekre a biztons\u00e1g, az \u00e9letmin\u0151s\u00e9g \u00e9s a munkalehet\u0151s\u00e9gek tekintet\u00e9ben.<\/span><\/p>\n<h3><span style=\"font-weight: 400;\">A legjobb v\u00e1rosok csal\u00e1dok sz\u00e1m\u00e1ra<\/span><\/h3>\n<p><span style=\"font-weight: 400;\">\u00c1ltal\u00e1noss\u00e1gban elmondhat\u00f3, hogy az eg\u00e9sz orsz\u00e1g biztons\u00e1gos \u00e9s csal\u00e1dbar\u00e1t. Az oktat\u00e1s \u00e9s az eg\u00e9szs\u00e9g\u00fcgy magas sz\u00ednvonal\u00fa. Az <\/span><a href=\"https:\/\/www.unicef-irc.org\/publications\/pdf\/Report-Card-16-Worlds-of-Influence-child-wellbeing.pdf\" target=\"_blank\" rel=\"noopener\"><span style=\"font-weight: 400;\">UNICEF<\/span><\/a><span style=\"font-weight: 400;\"> szerint Hollandia a vil\u00e1g egyik legjobb helye a gyermeknevel\u00e9shez.<\/span><\/p>\n<p><span style=\"font-weight: 400;\">Ha agg\u00f3dsz a nyelvi korl\u00e1tok miatt, H\u00e1g\u00e1ban \u00e9s Amszterdamban t\u00f6bb nemzetk\u00f6zi iskol\u00e1t is tal\u00e1lsz. A csal\u00e1dok k\u00f6r\u00e9ben azonban Amstelveen, Leidsche Rijn, az amszterdami k\u00fclv\u00e1rosok \u00e9s Haarlem a legn\u00e9pszer\u0171bbek, f\u0151k\u00e9nt az\u00e9rt, mert ezek <\/span><a href=\"https:\/\/robin.jobs\/hu\/munka-hollandiaban\/otthont-vasarlasa-hollandiaban\"><span style=\"font-weight: 400;\">megfizethet\u0151bbek a gyermekes p\u00e1rok sz\u00e1m\u00e1ra<\/span><\/a><span style=\"font-weight: 400;\">.<\/span><\/p>\n<h3><span style=\"font-weight: 400;\">A legjobb v\u00e1rosok egyed\u00fcl\u00e1ll\u00f3k sz\u00e1m\u00e1ra<\/span><\/h3>\n<p><span style=\"font-weight: 400;\">Ha egyed\u00fcl vagy, val\u00f3sz\u00edn\u0171leg vibr\u00e1l\u00f3bb v\u00e1rosra v\u00e1gysz, ahol t\u00f6bb lehet\u0151s\u00e9ged van \u00faj emberekkel megismerkedni. Ha ezt keresed (term\u00e9szetesen a munka mellett), akkor a k\u00e9t legjobb v\u00e1laszt\u00e1s Amszterdam \u00e9s Rotterdam. Mindk\u00e9t v\u00e1rosban pezseg az \u00e9jszakai \u00e9let, \u00e9s rengeteg lehet\u0151s\u00e9g van a szocializ\u00e1l\u00f3d\u00e1sra. Sz\u00e1mos m\u0171v\u00e9szeti \u00e9s zenei fesztiv\u00e1lnak is otthont adnak.<\/span><\/p>\n<p><picture><source srcset=\"https:\/\/robin.jobs\/hu\/wp-content\/webp-express\/webp-images\/doc-root\/wp-content\/uploads\/sites\/16\/2026\/04\/epulet-amsterdamban-hollandia-1024x576.jpg.webp 1024w, https:\/\/robin.jobs\/hu\/wp-content\/webp-express\/webp-images\/doc-root\/wp-content\/uploads\/sites\/16\/2026\/04\/epulet-amsterdamban-hollandia-300x169.jpg.webp 300w, https:\/\/robin.jobs\/hu\/wp-content\/webp-express\/webp-images\/doc-root\/wp-content\/uploads\/sites\/16\/2026\/04\/epulet-amsterdamban-hollandia-768x432.jpg.webp 768w, https:\/\/robin.jobs\/hu\/wp-content\/webp-express\/webp-images\/doc-root\/wp-content\/uploads\/sites\/16\/2026\/04\/epulet-amsterdamban-hollandia-793x446.jpg.webp 793w, https:\/\/robin.jobs\/hu\/wp-content\/webp-express\/webp-images\/doc-root\/wp-content\/uploads\/sites\/16\/2026\/04\/epulet-amsterdamban-hollandia.jpg.webp 1280w\" sizes=\"(max-width: 1024px) 100vw, 1024px\" type=\"image\/webp\"><img loading=\"lazy\" decoding=\"async\" class=\"alignnone size-large wp-image-1252147 webpexpress-processed\" src=\"https:\/\/robin.jobs\/hu\/wp-content\/uploads\/sites\/16\/2026\/04\/epulet-amsterdamban-hollandia-1024x576.jpg\" alt=\"Epulet Amsterdamban Hollandia\" width=\"1024\" height=\"576\" srcset=\"https:\/\/robin.jobs\/hu\/wp-content\/uploads\/sites\/16\/2026\/04\/epulet-amsterdamban-hollandia-1024x576.jpg 1024w, https:\/\/robin.jobs\/hu\/wp-content\/uploads\/sites\/16\/2026\/04\/epulet-amsterdamban-hollandia-300x169.jpg 300w, https:\/\/robin.jobs\/hu\/wp-content\/uploads\/sites\/16\/2026\/04\/epulet-amsterdamban-hollandia-768x432.jpg 768w, https:\/\/robin.jobs\/hu\/wp-content\/uploads\/sites\/16\/2026\/04\/epulet-amsterdamban-hollandia-793x446.jpg 793w, https:\/\/robin.jobs\/hu\/wp-content\/uploads\/sites\/16\/2026\/04\/epulet-amsterdamban-hollandia.jpg 1280w\" sizes=\"(max-width: 1024px) 100vw, 1024px\"><\/picture><\/p>\n<p><span style=\"font-weight: 400;\">Forr\u00e1s: Pexels<\/span><\/p>\n<p><span style=\"font-weight: 400;\">Ez nem jelenti azt, hogy m\u00e1s helyeken ne lenne \u00e9let. A kisebb v\u00e1rosokban is v\u00e1ltozatos esem\u00e9nyeket tal\u00e1lhatsz, \u00e9s a holland k\u00f6zleked\u00e9si rendszernek k\u00f6sz\u00f6nhet\u0151en k\u00f6nnyen utazhatsz egyik pontb\u00f3l a m\u00e1sikba.<\/span><\/p>\n<h3><span style=\"font-weight: 400;\">A legjobb v\u00e1rosok sz\u0171kebb k\u00f6lts\u00e9gvet\u00e9shez<\/span><\/h3>\n<p><span style=\"font-weight: 400;\">Eml\u00edtett\u00fck, hogy a legdr\u00e1g\u00e1bb v\u00e1rosok a f\u0151v\u00e1ros \u00e9s a nagy k\u00f6zpontok, mint Rotterdam. Ha sp\u00f3rolni szeretn\u00e9l, de k\u00f6zel maradn\u00e1l Amszterdamhoz, kereshetsz sz\u00e1ll\u00e1st Zaandamban, Hilversumban vagy Amstelveenben. Ha Rotterdam vagy H\u00e1ga k\u00f6zel\u00e9ben \u00e9ln\u00e9l, Gouda vagy Delft remek opci\u00f3 lehet.<\/span><\/p>\n<p><span style=\"font-weight: 400;\">Ha azonban a legt\u00f6bbet akarod kihozni a k\u00f6lts\u00e9gvet\u00e9sedb\u0151l, \u00e9rdemes a Randstad r\u00e9gi\u00f3n k\u00edv\u00fcl gondolkodni. Olcs\u00f3bb lakhat\u00e1si lehet\u0151s\u00e9geket tal\u00e1lhatsz Zeeland, Groningen \u00e9s Limburg tartom\u00e1nyokban.<\/span><\/p>\n<h3><span style=\"font-weight: 400;\">Munkalehet\u0151s\u00e9gek a holland v\u00e1rosokban<\/span><\/h3>\n<p><span style=\"font-weight: 400;\">Mivel az orsz\u00e1g glob\u00e1lis \u00fczleti k\u00f6zpont, gyakorlatilag az eg\u00e9sz orsz\u00e1gban tal\u00e1lsz j\u00f3 lehet\u0151s\u00e9geket. Hollandia sz\u00e1mos nemzetk\u00f6zi v\u00e1llalat k\u00f6zpontj\u00e1nak ad otthont.<\/span><\/p>\n<p><span style=\"font-weight: 400;\">Ha a nyelvi korl\u00e1tok miatt agg\u00f3dsz, tudd, hogy Hollandi\u00e1ban szinte mindenki besz\u00e9l angolul, \u00edgy akkor is p\u00e1ly\u00e1zhatsz \u00e1ll\u00e1sokra, ha nem besz\u00e9led a holland nyelvet.<\/span><\/p>\n<p><picture><source srcset=\"https:\/\/robin.jobs\/hu\/wp-content\/webp-express\/webp-images\/doc-root\/wp-content\/uploads\/sites\/16\/2026\/04\/ket-feher-szelmalom-1024x710.jpg.webp 1024w, https:\/\/robin.jobs\/hu\/wp-content\/webp-express\/webp-images\/doc-root\/wp-content\/uploads\/sites\/16\/2026\/04\/ket-feher-szelmalom-300x208.jpg.webp 300w, https:\/\/robin.jobs\/hu\/wp-content\/webp-express\/webp-images\/doc-root\/wp-content\/uploads\/sites\/16\/2026\/04\/ket-feher-szelmalom-768x532.jpg.webp 768w, https:\/\/robin.jobs\/hu\/wp-content\/webp-express\/webp-images\/doc-root\/wp-content\/uploads\/sites\/16\/2026\/04\/ket-feher-szelmalom-644x446.jpg.webp 644w, https:\/\/robin.jobs\/hu\/wp-content\/webp-express\/webp-images\/doc-root\/wp-content\/uploads\/sites\/16\/2026\/04\/ket-feher-szelmalom.jpg.webp 1280w\" sizes=\"(max-width: 1024px) 100vw, 1024px\" type=\"image\/webp\"><img loading=\"lazy\" decoding=\"async\" class=\"alignnone size-large wp-image-1252141 webpexpress-processed\" src=\"https:\/\/robin.jobs\/hu\/wp-content\/uploads\/sites\/16\/2026\/04\/ket-feher-szelmalom-1024x710.jpg\" alt=\"Ket Feher Szelmalom\" width=\"1024\" height=\"710\" srcset=\"https:\/\/robin.jobs\/hu\/wp-content\/uploads\/sites\/16\/2026\/04\/ket-feher-szelmalom-1024x710.jpg 1024w, https:\/\/robin.jobs\/hu\/wp-content\/uploads\/sites\/16\/2026\/04\/ket-feher-szelmalom-300x208.jpg 300w, https:\/\/robin.jobs\/hu\/wp-content\/uploads\/sites\/16\/2026\/04\/ket-feher-szelmalom-768x532.jpg 768w, https:\/\/robin.jobs\/hu\/wp-content\/uploads\/sites\/16\/2026\/04\/ket-feher-szelmalom-644x446.jpg 644w, https:\/\/robin.jobs\/hu\/wp-content\/uploads\/sites\/16\/2026\/04\/ket-feher-szelmalom.jpg 1280w\" sizes=\"(max-width: 1024px) 100vw, 1024px\"><\/picture><\/p>\n<p><span style=\"font-weight: 400;\">Forr\u00e1s: Pexels<\/span><\/p>\n<p><span style=\"font-weight: 400;\">Term\u00e9szetesen a nagyobb v\u00e1rosok k\u00edn\u00e1lj\u00e1k a legt\u00f6bb munk\u00e1t, de az eg\u00e9sz orsz\u00e1gban rengeteg \u00fcresed\u00e9st tal\u00e1lsz (k\u00fcl\u00f6n\u00f6sen a fizikai munk\u00e1k ter\u00e9n) a logisztika, a termel\u00e9s \u00e9s a mez\u0151gazdas\u00e1g ter\u00fclet\u00e9n.<\/span><\/p>\n<h3><span style=\"font-weight: 400;\">Vannak-e ker\u00fclend\u0151 v\u00e1rosok Hollandi\u00e1ban?<\/span><\/h3>\n<p><span style=\"font-weight: 400;\">Hollandia biztons\u00e1gos orsz\u00e1g, a b\u0171n\u00f6z\u00e9si r\u00e1ta minden tartom\u00e1nyban cs\u00f6kken (a CBS adatai szerint). Az er\u0151szakos b\u0171ncselekm\u00e9nyek ritk\u00e1k.<\/span><\/p>\n<p><picture><source srcset=\"https:\/\/robin.jobs\/hu\/wp-content\/webp-express\/webp-images\/doc-root\/wp-content\/uploads\/sites\/16\/2026\/04\/zold-fuves-terulet-1024x683.jpg.webp 1024w, https:\/\/robin.jobs\/hu\/wp-content\/webp-express\/webp-images\/doc-root\/wp-content\/uploads\/sites\/16\/2026\/04\/zold-fuves-terulet-300x200.jpg.webp 300w, https:\/\/robin.jobs\/hu\/wp-content\/webp-express\/webp-images\/doc-root\/wp-content\/uploads\/sites\/16\/2026\/04\/zold-fuves-terulet-768x512.jpg.webp 768w, https:\/\/robin.jobs\/hu\/wp-content\/webp-express\/webp-images\/doc-root\/wp-content\/uploads\/sites\/16\/2026\/04\/zold-fuves-terulet-669x446.jpg.webp 669w, https:\/\/robin.jobs\/hu\/wp-content\/webp-express\/webp-images\/doc-root\/wp-content\/uploads\/sites\/16\/2026\/04\/zold-fuves-terulet.jpg.webp 1279w\" sizes=\"(max-width: 1024px) 100vw, 1024px\" type=\"image\/webp\"><img loading=\"lazy\" decoding=\"async\" class=\"alignnone size-large wp-image-1252146 webpexpress-processed\" src=\"https:\/\/robin.jobs\/hu\/wp-content\/uploads\/sites\/16\/2026\/04\/zold-fuves-terulet-1024x683.jpg\" alt=\"Zold Fuves Terulet\" width=\"1024\" height=\"683\" srcset=\"https:\/\/robin.jobs\/hu\/wp-content\/uploads\/sites\/16\/2026\/04\/zold-fuves-terulet-1024x683.jpg 1024w, https:\/\/robin.jobs\/hu\/wp-content\/uploads\/sites\/16\/2026\/04\/zold-fuves-terulet-300x200.jpg 300w, https:\/\/robin.jobs\/hu\/wp-content\/uploads\/sites\/16\/2026\/04\/zold-fuves-terulet-768x512.jpg 768w, https:\/\/robin.jobs\/hu\/wp-content\/uploads\/sites\/16\/2026\/04\/zold-fuves-terulet-669x446.jpg 669w, https:\/\/robin.jobs\/hu\/wp-content\/uploads\/sites\/16\/2026\/04\/zold-fuves-terulet.jpg 1279w\" sizes=\"(max-width: 1024px) 100vw, 1024px\"><\/picture><\/p>\n<p><span style=\"font-weight: 400;\">Forr\u00e1s: Pexels<\/span><\/p>\n<p><span style=\"font-weight: 400;\">Tudni kell, hogy a nagyv\u00e1rosokban (Rotterdam, Amszterdam, H\u00e1ga) magasabb a b\u0171n\u00f6z\u00e9s, mint a kisebbekben, de m\u00e9g \u00edgy is rendk\u00edv\u00fcl biztons\u00e1gosnak sz\u00e1m\u00edtanak. Amszterdam p\u00e9ld\u00e1ul a hatodik helyen \u00e1ll a 60-b\u00f3l az Economist Safe Cities Index 2021-es list\u00e1j\u00e1n. \u00d6sszess\u00e9g\u00e9ben a legbiztons\u00e1gosabb helyek a kisebb telep\u00fcl\u00e9sek.<\/span><\/p>\n<h2>Fedezd fel a lehet\u0151s\u00e9geidet!<\/h2>\n<p><span style=\"font-weight: 400;\">R\u00f6viden: Hollandia szinte minden v\u00e1rosa kiv\u00e1l\u00f3 a leteleped\u00e9shez, a csal\u00e1di \u00e9lethez \u00e9s a munka-mag\u00e1n\u00e9let egyens\u00faly\u00e1hoz. Az \u00e9letmin\u0151s\u00e9g tekintet\u00e9ben a lakhat\u00e1s j\u00e1tssza a legfontosabb szerepet. A Randstad r\u00e9gi\u00f3n k\u00edv\u00fcli munkav\u00e1llal\u00e1s seg\u00edthet sp\u00f3rolni a lakb\u00e9ren, mik\u00f6zben lehet\u0151s\u00e9get ad a holland kult\u00fara felfedez\u00e9s\u00e9re.<\/span><\/p>\n<p><span style=\"font-weight: 400;\">Ha a lakhat\u00e1s a f\u0151 gondod, hagyd, hogy a Robin seg\u00edtsen garant\u00e1lt sz\u00e1ll\u00e1ssal rendelkez\u0151 munk\u00e1t tal\u00e1lni, ami \u00e1ltal\u00e1ban a piaci lakb\u00e9rek alatt van. N\u00e9zd meg <\/span><a href=\"https:\/\/robin.jobs\/hu\/szabad-allasok-kulfoldon\/hollandiaban\"><span style=\"font-weight: 400;\">leg\u00fajabb hollandiai \u00e1ll\u00e1saj\u00e1nlatainkat itt<\/span><\/a><span style=\"font-weight: 400;\">.<\/span><\/p>\n","protected":false},"excerpt":{"rendered":"<p>Amikor k\u00fclf\u00f6ldi munkav\u00e1llal\u00e1sra gondolunk, legt\u00f6bben elk\u00f6vetj\u00fck azt a hib\u00e1t, hogy csak az orsz\u00e1gra koncentr\u00e1lunk, ahov\u00e1 k\u00f6lt\u00f6zni szeretn\u00e9nk, \u00e9s gyakran elhanyagoljuk a r\u00e9szleteket. Ny\u00fczsg\u0151 nagyv\u00e1ros legyen vagy egy kisebb telep\u00fcl\u00e9s? Ha Hollandi\u00e1ba k\u00e9sz\u00fclsz, val\u00f3sz\u00edn\u0171leg Amszterdam vagy Rotterdam mer\u00fclt fel benned lehets\u00e9ges opci\u00f3k\u00e9nt. Azonban ezen a k\u00e9t legnagyobb v\u00e1roson k\u00edv\u00fcl m\u00e9g sz\u00e1mos nagyszer\u0171 hely v\u00e1r r\u00e1d. Ebben&#8230;<\/p>\n","protected":false},"author":38,"featured_media":1252143,"comment_status":"open","ping_status":"open","sticky":false,"template":"","format":"standard","meta":{"_acf_changed":false,"inline_featured_image":false,"footnotes":""},"categories":[1117,1118],"tags":[],"class_list":["post-1252139","post","type-post","status-publish","format-standard","has-post-thumbnail","hentry","category-elet","category-utazo","work-category-munka-hollandiaban"],"acf":[],"_links":{"self":[{"href":"https:\/\/robin.jobs\/hu\/wp-json\/wp\/v2\/posts\/1252139","targetHints":{"allow":["GET"]}}],"collection":[{"href":"https:\/\/robin.jobs\/hu\/wp-json\/wp\/v2\/posts"}],"about":[{"href":"https:\/\/robin.jobs\/hu\/wp-json\/wp\/v2\/types\/post"}],"author":[{"embeddable":true,"href":"https:\/\/robin.jobs\/hu\/wp-json\/wp\/v2\/users\/38"}],"replies":[{"embeddable":true,"href":"https:\/\/robin.jobs\/hu\/wp-json\/wp\/v2\/comments?post=1252139"}],"version-history":[{"count":1,"href":"https:\/\/robin.jobs\/hu\/wp-json\/wp\/v2\/posts\/1252139\/revisions"}],"predecessor-version":[{"id":1252194,"href":"https:\/\/robin.jobs\/hu\/wp-json\/wp\/v2\/posts\/1252139\/revisions\/1252194"}],"wp:featuredmedia":[{"embeddable":true,"href":"https:\/\/robin.jobs\/hu\/wp-json\/wp\/v2\/media\/1252143"}],"wp:attachment":[{"href":"https:\/\/robin.jobs\/hu\/wp-json\/wp\/v2\/media?parent=1252139"}],"wp:term":[{"taxonomy":"category","embeddable":true,"href":"https:\/\/robin.jobs\/hu\/wp-json\/wp\/v2\/categories?post=1252139"},{"taxonomy":"post_tag","embeddable":true,"href":"https:\/\/robin.jobs\/hu\/wp-json\/wp\/v2\/tags?post=1252139"}],"curies":[{"name":"wp","href":"https:\/\/api.w.org\/{rel}","templated":true}]}}