{"id":1219489,"date":"2024-12-18T04:39:57","date_gmt":"2024-12-18T01:39:57","guid":{"rendered":"https:\/\/robin.jobs\/hu\/?p=1219489"},"modified":"2026-03-17T20:28:24","modified_gmt":"2026-03-17T17:28:24","slug":"munkaido-hollandiaban","status":"publish","type":"post","link":"https:\/\/robin.jobs\/hu\/munka-hollandiaban\/munkaido-hollandiaban","title":{"rendered":"Munkaid\u0151 Hollandi\u00e1ban"},"content":{"rendered":"<p><b>Hollandia h\u00edres az eg\u00e9szs\u00e9ges munka-mag\u00e1n\u00e9let egyens\u00faly\u00e1r\u00f3l, ami a szok\u00e1sos munkaid\u0151ben is megmutatkozik.<\/b><span style=\"font-weight: 400;\"> Egy hollandiai munka eset\u00e9n hat\u00e9kony \u00e9s produkt\u00edv munkaid\u0151t, valamint elegend\u0151 szabadid\u0151t kapsz, hogy hobbijaidnak \u00e9lhess vagy felt\u00f6lt\u0151dj munkaid\u0151n k\u00edv\u00fcl.<\/span><\/p>\n<p><span style=\"font-weight: 400;\">Egy \u00e1tlagos holland munkah\u00e9t h\u00e9tf\u0151t\u0151l p\u00e9ntekig tart, \u00e1ltal\u00e1ban reggel 9:00 \u00e9s 10:00 k\u00f6z\u00f6tt kezd\u0151dik, \u00e9s 17:00 vagy 18:00 k\u00f6r\u00fcl \u00e9r v\u00e9get, ami <\/span><b>napi k\u00f6r\u00fclbel\u00fcl 8 \u00f3ra munk\u00e1t <\/b><span style=\"font-weight: 400;\">jelent. A heti \u00e1tlagos munkaid\u0151 36 \u00e9s 40 \u00f3ra k\u00f6z\u00f6tt mozog. A munkanap sor\u00e1n \u00e1ltal\u00e1ban egy 30 perces eb\u00e9dsz\u00fcnet van.<\/span><\/p>\n<p><span style=\"font-weight: 400;\">L\u00e1ssuk r\u00e9szletesen, hogyan n\u00e9z ki egy tipikus munkah\u00e9t Hollandi\u00e1ban, bele\u00e9rtve a szok\u00e1sos munkaid\u0151t, a jogi kereteket \u00e9s a sz\u00fcneteket.<\/span><\/p>\n<h2>A munkaid\u0151 alapjai Hollandi\u00e1ban<\/h2>\n<p><picture><source srcset=\"https:\/\/robin.jobs\/hu\/wp-content\/webp-express\/webp-images\/doc-root\/wp-content\/uploads\/sites\/16\/2024\/12\/szemely-aki-feljegyzi-a-munkaorait-papirra.png.webp 640w, https:\/\/robin.jobs\/hu\/wp-content\/webp-express\/webp-images\/doc-root\/wp-content\/uploads\/sites\/16\/2024\/12\/szemely-aki-feljegyzi-a-munkaorait-papirra-300x177.png.webp 300w\" sizes=\"(max-width: 640px) 100vw, 640px\" type=\"image\/webp\"><img fetchpriority=\"high\" decoding=\"async\" class=\"alignnone size-full wp-image-1219492 webpexpress-processed\" src=\"https:\/\/robin.jobs\/hu\/wp-content\/uploads\/sites\/16\/2024\/12\/szemely-aki-feljegyzi-a-munkaorait-papirra.png\" alt=\"Szemely Aki Feljegyzi A Munkaorait Papirra\" width=\"640\" height=\"378\" srcset=\"https:\/\/robin.jobs\/hu\/wp-content\/uploads\/sites\/16\/2024\/12\/szemely-aki-feljegyzi-a-munkaorait-papirra.png 640w, https:\/\/robin.jobs\/hu\/wp-content\/uploads\/sites\/16\/2024\/12\/szemely-aki-feljegyzi-a-munkaorait-papirra-300x177.png 300w\" sizes=\"(max-width: 640px) 100vw, 640px\"><\/picture><\/p>\n<p><span style=\"font-weight: 400;\">Fontos megjegyezni, hogy a munkaid\u0151 ipar\u00e1gt\u00f3l \u00e9s konkr\u00e9t munkak\u00f6rt\u0151l f\u00fcgg\u0151en v\u00e1ltozhat. Egy irodai munk\u00e1t v\u00e9gz\u0151 alkalmazott \u00e9s egy vend\u00e9gl\u00e1t\u00e1sban dolgoz\u00f3 munkav\u00e1llal\u00f3 nem ugyanannyit dolgozik hetente.<\/span><\/p>\n<p><span style=\"font-weight: 400;\">A munkaid\u0151t a munk\u00e1ltat\u00f3 \u00e9s a munkav\u00e1llal\u00f3 k\u00f6z\u00f6sen hat\u00e1rozza meg.<\/span><\/p>\n<h3><span style=\"font-weight: 400;\">Teljes Munkaid\u0151s Munkah\u00e9t (voltijd)<\/span><\/h3>\n<p><span style=\"font-weight: 400;\">A holland t\u00f6rv\u00e9ny szerint az \u00e1tlagos heti munkaid\u0151 38 \u00f3ra. <\/span><b>A legt\u00f6bb teljes munkaid\u0151s munkav\u00e1llal\u00f3 36 \u00e9s 40 \u00f3ra k\u00f6z\u00f6tt dolgozik hetente, h\u00e9tf\u0151t\u0151l p\u00e9ntekig, napi 7-8 \u00f3r\u00e1ban. A hivatalos munkaid\u0151 \u00e1ltal\u00e1ban 9:00-t\u0151l 17:00-ig tart.<\/b><\/p>\n<p><span style=\"font-weight: 400;\">Az energia \u00e9s a f\u00f3kusz fenntart\u00e1sa \u00e9rdek\u00e9ben, az alap 30 perces eb\u00e9dsz\u00fcnet mellett, r\u00f6videbb sz\u00fcnetek is be\u00e9p\u00edthet\u0151k a munkanapba, ha a m\u0171szak meghaladja az 5,5 \u00f3r\u00e1t. Ebben az esetben k\u00e9t 15 perces sz\u00fcnetre vagy jogosult.<\/span><\/p>\n<p><span style=\"font-weight: 400;\">Egyes munk\u00e1ltat\u00f3k 40 \u00f3r\u00e1s munkahetet k\u00edn\u00e1lnak <\/span><b>magasabb fizet\u00e9ssel<\/b><span style=\"font-weight: 400;\"> vagy t\u00f6bb \u00e9ves szabads\u00e1ggal kompenz\u00e1lva, ak\u00e1r <\/span><b>12 plusz szabadnappal \u00e9vente, \u00f6sszehasonl\u00edtva az<\/b><a href=\"https:\/\/robin.jobs\/hu\/munka-hollandiaban\/atlagfizetes-hollandiaban\"> \u00e1tlag fizet\u00e9ssel.<\/a><span style=\"font-weight: 400;\"> A t\u00fal\u00f3ra, m\u0171szakos munka, k\u00e9szenl\u00e9ti id\u0151 \u00e9s \u00e9jszakai m\u0171szak speci\u00e1lis szab\u00e1lyoz\u00e1s al\u00e1 esik, amelyeket k\u00e9s\u0151bb r\u00e9szletez\u00fcnk.<\/span><\/p>\n<p><span style=\"font-weight: 400;\">Ha \u00e9rdekel a pontos t\u00f6rv\u00e9nyi szab\u00e1lyoz\u00e1s, l\u00e1togasd meg a holland korm\u00e1ny <\/span><b>munkaid\u0151vel<\/b><span style=\"font-weight: 400;\"> \u00e9s <\/span><b>pihen\u0151id\u0151vel<\/b><span style=\"font-weight: 400;\"> foglalkoz\u00f3 <\/span><a href=\"https:\/\/business.gov.nl\/regulations\/working-hours-rest-times\/\" target=\"_blank\" rel=\"noopener\"><span style=\"font-weight: 400;\">hivatalos weboldal\u00e1t.<\/span><\/a><\/p>\n<h2>R\u00e9szmunkaid\u0151s Munkaid\u0151 Hollandi\u00e1ban (deeltijd)<\/h2>\n<p><b>R\u00e9szmunkaid\u0151s \u00e1ll\u00e1snak sz\u00e1m\u00edt, ha heti 12 \u00e9s 36 \u00f3ra k\u00f6z\u00f6tti munka\u00f3r\u00e1ban dolgozol. <\/b><span style=\"font-weight: 400;\">A r\u00e9szmunkaid\u0151s munk\u00e1k remek lehet\u0151s\u00e9get k\u00edn\u00e1lnak azoknak, akik t\u00f6bb szabadid\u0151t szeretn\u00e9nek sz\u00e1nni hobbijaikra, csal\u00e1djukra vagy tanulm\u00e1nyaikra.<\/span><\/p>\n<p><span style=\"font-weight: 400;\">A r\u00e9szmunkaid\u0151s munkav\u00e9gz\u00e9s rendk\u00edv\u00fcl n\u00e9pszer\u0171 Hollandi\u00e1ban, k\u00fcl\u00f6n\u00f6sen a n\u0151k k\u00f6r\u00e9ben. A r\u00e9szmunkaid\u0151s munka lehet\u0151v\u00e9 teszi sz\u00e1mukra, hogy egyens\u00falyt teremtsenek a munka, a gyermeknevel\u00e9s \u00e9s a csal\u00e1dr\u00f3l val\u00f3 gondoskod\u00e1s k\u00f6z\u00f6tt.<\/span><\/p>\n<p><span style=\"font-weight: 400;\">Sz\u00e1mos el\u0151nye van a r\u00e9szmunkaid\u0151s foglalkoztat\u00e1snak. Amellett, hogy lehet\u0151s\u00e9get ad szem\u00e9lyes c\u00e9ljaid el\u00e9r\u00e9s\u00e9re, <\/span><b>cs\u00f6kkenti a stressz-szintet<\/b><span style=\"font-weight: 400;\"> is, ami hozz\u00e1j\u00e1rul az \u00e1ltal\u00e1nos fizikai \u00e9s ment\u00e1lis eg\u00e9szs\u00e9gedhez.<\/span><\/p>\n<p><span style=\"font-weight: 400;\">A r\u00e9szmunkaid\u0151s munka ide\u00e1lis di\u00e1kok \u00e9s sz\u00fcl\u0151k sz\u00e1m\u00e1ra. Az egyik legnagyobb el\u0151nye, hogy lehet\u0151s\u00e9get biztos\u00edt a munkanapok megv\u00e1laszt\u00e1s\u00e1ra, vagy ak\u00e1r arra, hogy a heti munkaid\u0151t t\u00f6bb r\u00f6videbb m\u0171szakra oszd fel.<\/span><\/p>\n<p><span style=\"font-weight: 400;\">B\u00e1r a r\u00e9szmunkaid\u0151s munkav\u00e9gz\u00e9s rugalmas, vannak bizonyos h\u00e1tr\u00e1nyai is. <\/span><b>Val\u00f3sz\u00edn\u0171leg alacsonyabb fizet\u00e9st kapsz a teljes munkaid\u0151s \u00e1ll\u00e1sokhoz k\u00e9pest, \u00e9s a karrier\u00e9p\u00edt\u00e9s lassabb lesz.<\/b><span style=\"font-weight: 400;\"> Emellett a r\u00e9szmunkaid\u0151ben dolgoz\u00f3 alkalmazottak sz\u00e1m\u00e1ra a juttat\u00e1si csomagok kev\u00e9sb\u00e9 \u00e1tfog\u00f3ak.<\/span><\/p>\n<h2>Munkaid\u0151 Jogi Hat\u00e1rai Hollandi\u00e1ban<\/h2>\n<p><span style=\"font-weight: 400;\">Hollandia szigor\u00faan szab\u00e1lyozza a munka\u00f3r\u00e1k maxim\u00e1lis sz\u00e1m\u00e1t, hogy megv\u00e9dje a munkav\u00e1llal\u00f3k j\u00f3ll\u00e9t\u00e9t \u00e9s megel\u0151zze a ki\u00e9g\u00e9st. Az al\u00e1bbiakban a jogi korl\u00e1tokat r\u00e9szletezz\u00fck:<\/span><\/p>\n<ul>\n<li style=\"font-weight: 400;\" aria-level=\"1\"><b>Maxim\u00e1lis Munkaid\u0151:<\/b><span style=\"font-weight: 400;\"> Egyetlen m\u0171szak nem lehet hosszabb 12 \u00f3r\u00e1n\u00e1l, a heti maxim\u00e1lis munkaid\u0151 pedig 60 \u00f3ra.<\/span><\/li>\n<li style=\"font-weight: 400;\" aria-level=\"1\"><b>Heti \u00c1tlagkorl\u00e1t:<\/b> <b>A holland t\u00f6rv\u00e9ny szerint egy 4 hetes id\u0151szak alatt a heti munkaid\u0151 nem haladhatja meg az 55 \u00f3r\u00e1t<\/b><span style=\"font-weight: 400;\">. Ezen t\u00fal, <\/span><b>16 h\u00e9t alatt<\/b><span style=\"font-weight: 400;\"> a heti \u00e1tlagmunkaid\u0151 nem l\u00e9pheti t\u00fal a <\/span><b>48 \u00f3r\u00e1t<\/b><span style=\"font-weight: 400;\">.<\/span><\/li>\n<li style=\"font-weight: 400;\" aria-level=\"1\"><b>Kollekt\u00edv Szerz\u0151d\u00e9sek: <\/b><span style=\"font-weight: 400;\">Sokan szeretn\u00e9nek t\u00fal\u00f3r\u00e1zni, ami bizonyos rugalmass\u00e1got biztos\u00edt. Az alkalmazottak szakszervezetei \u00e9s a munk\u00e1ltat\u00f3i szervezetek k\u00f6z\u00f6tti kollekt\u00edv meg\u00e1llapod\u00e1sok egyedi szab\u00e1lyokat hat\u00e1rozhatnak meg, azonban a<\/span><b> heti munkaid\u0151 \u00edgy sem haladhatja meg a 60 \u00f3r\u00e1t. <\/b><span style=\"font-weight: 400;\">A t\u00f6rv\u00e9nyi korl\u00e1tok t\u00fall\u00e9p\u00e9se s\u00falyos b\u00edrs\u00e1gokat \u00e9s szankci\u00f3kat von maga ut\u00e1n.<\/span><\/li>\n<\/ul>\n<h3><span style=\"font-weight: 400;\">Munkaid\u0151 T\u00f6rv\u00e9ny (Arbeidstijdenwet)<\/span><\/h3>\n<p><b>A Munkaid\u0151 T\u00f6rv\u00e9ny (Arbeidstijdenwet, ATW) a holland munkajog egyik alapk\u00f6ve, amely az alkalmazottak j\u00f3l\u00e9t\u00e9t v\u00e9di a munkaid\u0151 \u00e9s a pihen\u0151id\u0151k szab\u00e1lyoz\u00e1s\u00e1val. <\/b><span style=\"font-weight: 400;\">N\u00e9zz\u00fck meg k\u00f6zelebbr\u0151l az ATW legfontosabb rendelkez\u00e9seit:<\/span><\/p>\n<ul>\n<li style=\"font-weight: 400;\" aria-level=\"1\"><b>Az alkalmazottak eg\u00e9szs\u00e9g\u00e9nek \u00e9s j\u00f3l\u00e9t\u00e9nek v\u00e9delme<\/b><span style=\"font-weight: 400;\"> \u2013 Az ATW c\u00e9lja, hogy a maxim\u00e1lis munkaid\u0151 \u00e9s a minim\u00e1lis pihen\u0151id\u0151k betart\u00e1s\u00e1val megakad\u00e1lyozza a ki\u00e9g\u00e9st \u00e9s a f\u00e1radts\u00e1got.<\/span><\/li>\n<li style=\"font-weight: 400;\" aria-level=\"1\"><b>Hollandiai standard munkaid\u0151<\/b><span style=\"font-weight: 400;\"> \u2013 Nincs szigor\u00faan meghat\u00e1rozott standard munkah\u00e9t, de az ATW jogi hat\u00e1r\u00e9rt\u00e9kk\u00e9nt \u00e1tlagosan 38 \u00f3r\u00e1t \u00e1llap\u00edt meg egy 52 hetes id\u0151szak alatt.<\/span><\/li>\n<li style=\"font-weight: 400;\" aria-level=\"1\"><b>Maxim\u00e1lis korl\u00e1tok<\/b><span style=\"font-weight: 400;\"> \u2013 Az ATW megv\u00e9di az alkalmazottakat a t\u00falzott terhel\u00e9st\u0151l. Egyetlen m\u0171szak sem haladhatja meg a 12 \u00f3r\u00e1t, m\u00e9g \u00f6nk\u00e9ntesen sem. Az \u00e1tlagos munkah\u00e9t nem lehet t\u00f6bb 55 \u00f3r\u00e1n\u00e1l egy 4 hetes id\u0151szak alatt, vagy 48 \u00f3r\u00e1n\u00e1l egy 16 hetes id\u0151szakban.<\/span><\/li>\n<li style=\"font-weight: 400;\" aria-level=\"1\"><b>Rugalmass\u00e1g \u00e9s meg\u00e1llapod\u00e1sok<\/b><span style=\"font-weight: 400;\"> \u2013 Az ATW lehet\u0151s\u00e9get ad arra, hogy a munkaad\u00f3 \u00e9s a munkav\u00e1llal\u00f3 a jogi keretek k\u00f6z\u00f6tt meg\u00e1llapodjanak a munkaid\u0151ben, hiszen bizonyos ipar\u00e1gakban a hosszabb munkaid\u0151 elengedhetetlen a m\u0171k\u00f6d\u00e9shez.<\/span><\/li>\n<li style=\"font-weight: 400;\" aria-level=\"1\"><b>Munkav\u00e1llal\u00f3i hozz\u00e1j\u00e1rul\u00e1s<\/b><span style=\"font-weight: 400;\"> \u2013 Az ATW figyelembe veszi az egy\u00e9ni ig\u00e9nyeket \u00e9s az extra munkaid\u0151 v\u00e1llal\u00e1s\u00e1t. A munkaad\u00f3 26 hetes id\u0151szakra \u00e1tlagosan 60 \u00f3r\u00e1ra n\u00f6velheti a munkaid\u0151t, amennyiben ehhez a munkav\u00e1llal\u00f3 \u00edr\u00e1sos hozz\u00e1j\u00e1rul\u00e1s\u00e1t adja.<\/span><\/li>\n<li style=\"font-weight: 400;\" aria-level=\"1\"><b>Pihen\u0151id\u0151k<\/b><span style=\"font-weight: 400;\"> \u2013 Az ATW el\u0151\u00edrja a m\u0171szakok k\u00f6z\u00f6tti k\u00f6telez\u0151 minim\u00e1lis pihen\u0151id\u0151t: 24 \u00f3r\u00e1n bel\u00fcl legal\u00e1bb 11 egym\u00e1st k\u00f6vet\u0151 \u00f3ra pihen\u0151id\u0151t kell biztos\u00edtani. Heti szinten ez minimum 90 \u00f3ra megszak\u00edt\u00e1s n\u00e9lk\u00fcli pihen\u0151id\u0151t jelent. P\u00e9ld\u00e1ul h\u00e1rom egym\u00e1st k\u00f6vet\u0151 \u00e9jszakai m\u0171szak t\u00f6bb pihen\u0151id\u0151t ig\u00e9nyel.<\/span><\/li>\n<li style=\"font-weight: 400;\" aria-level=\"1\"><b>\u00c9jszakai munka<\/b><span style=\"font-weight: 400;\"> \u2013 Az ATW elismeri az \u00e9jszakai m\u0171szak kih\u00edv\u00e1sait. K\u00fcl\u00f6n szab\u00e1lyok vonatkoznak az \u00e9jszakai m\u0171szakokra, p\u00e9ld\u00e1ul r\u00f6videbb pihen\u0151id\u0151k bizonyos esetekben, valamint korl\u00e1tozott sz\u00e1m\u00fa egym\u00e1st k\u00f6vet\u0151 \u00e9jszakai m\u0171szak. Emellett meg kell eml\u00edteni az extra kompenz\u00e1ci\u00f3t is, amelynek t\u00edpusa \u00e9s m\u00e9rt\u00e9ke az ipar\u00e1gt\u00f3l \u00e9s a kollekt\u00edv szerz\u0151d\u00e9st\u0151l (CAO) f\u00fcgg. Egyes munkaad\u00f3k \u00e9jszakai m\u0171szakp\u00f3tl\u00e9kot k\u00edn\u00e1lnak, m\u00edg m\u00e1sok ezt rendk\u00edv\u00fcli munkaid\u0151s p\u00f3tl\u00e9kk\u00e9nt oszt\u00e1lyozz\u00e1k.<\/span><\/li>\n<li style=\"font-weight: 400;\" aria-level=\"1\"><b>H\u00e9tv\u00e9gi munka<\/b><span style=\"font-weight: 400;\"> \u2013 A holland jog nem k\u00f6telezi a munkav\u00e1llal\u00f3kat h\u00e9tv\u00e9gi munkav\u00e9gz\u00e9sre. A munkaad\u00f3 k\u00e9rheti, hogy dolgozz a h\u00e9tv\u00e9g\u00e9n, de ezt megtagadhatod, ha nem szeretn\u00e9l dolgozni. Ha viszont v\u00e1llalod a h\u00e9tv\u00e9gi munk\u00e1t, magasabb b\u00e9rt kaphatsz, mint a szok\u00e1sos munkanapokon. Ez a szab\u00e1ly gyakran a <\/span><a href=\"https:\/\/robin.jobs\/hu\/kulfoldon-dolgozni\/holland-unnepnapok\"><span style=\"font-weight: 400;\">hollandiai munkasz\u00fcneti napoko<\/span><\/a><span style=\"font-weight: 400;\">n t\u00f6rt\u00e9n\u0151 munkav\u00e9gz\u00e9sre is vonatkozik.<\/span><\/li>\n<li style=\"font-weight: 400;\" aria-level=\"1\"><b>K\u00e9szenl\u00e9ti szolg\u00e1lat \u00e9s \u00fcgyelet<\/b><span style=\"font-weight: 400;\"> \u2013 A t\u00f6rv\u00e9ny kit\u00e9r az olyan helyzetekre is, amikor az alkalmazottak k\u00e9szenl\u00e9ti szolg\u00e1latban vagy \u00fcgyeletben vannak. Ebben az esetben is biztos\u00edtani kell a minim\u00e1lis pihen\u0151id\u0151t.<\/span><\/li>\n<\/ul>\n<p><span style=\"font-weight: 400;\">A Munkaid\u0151 T\u00f6rv\u00e9ny teh\u00e1t kulcsszerepet j\u00e1tszik a holland munkahelyi eg\u00e9szs\u00e9g \u00e9s kiegyens\u00falyozott l\u00e9gk\u00f6r fenntart\u00e1s\u00e1ban.<\/span><b> Hollandiai munkav\u00e1llal\u00f3k\u00e9nt biztos lehetsz abban, hogy a t\u00falterhelts\u00e9g elker\u00fclhet\u0151, \u00e9s elegend\u0151 id\u0151d marad a pihen\u00e9sre \u00e9s szem\u00e9lyes tev\u00e9kenys\u00e9gekre.<\/b><\/p>\n<h3><span style=\"font-weight: 400;\">Pihen\u0151id\u0151k \u00e9s sz\u00fcnetek<\/span><\/h3>\n<p><picture><source srcset=\"https:\/\/robin.jobs\/hu\/wp-content\/webp-express\/webp-images\/doc-root\/wp-content\/uploads\/sites\/16\/2024\/12\/pihenoperiodusok-es-szunetek.png.webp 640w, https:\/\/robin.jobs\/hu\/wp-content\/webp-express\/webp-images\/doc-root\/wp-content\/uploads\/sites\/16\/2024\/12\/pihenoperiodusok-es-szunetek-300x200.png.webp 300w\" sizes=\"(max-width: 640px) 100vw, 640px\" type=\"image\/webp\"><img decoding=\"async\" class=\"alignnone size-full wp-image-1219491 webpexpress-processed\" src=\"https:\/\/robin.jobs\/hu\/wp-content\/uploads\/sites\/16\/2024\/12\/pihenoperiodusok-es-szunetek.png\" alt=\"Pihenoperiodusok Es Szunetek\" width=\"640\" height=\"427\" srcset=\"https:\/\/robin.jobs\/hu\/wp-content\/uploads\/sites\/16\/2024\/12\/pihenoperiodusok-es-szunetek.png 640w, https:\/\/robin.jobs\/hu\/wp-content\/uploads\/sites\/16\/2024\/12\/pihenoperiodusok-es-szunetek-300x200.png 300w\" sizes=\"(max-width: 640px) 100vw, 640px\"><\/picture><\/p>\n<p><span style=\"font-weight: 400;\">Hollandia kiemelten kezeli a munkav\u00e1llal\u00f3k j\u00f3l\u00e9t\u00e9t a pihen\u0151id\u0151k \u00e9s sz\u00fcnetek szab\u00e1lyoz\u00e1s\u00e1val. Itt van, amit alkalmazottk\u00e9nt elv\u00e1rhatsz:<\/span><\/p>\n<p><b>Minim\u00e1lis sz\u00fcnetek<\/b><span style=\"font-weight: 400;\"> \u2013 Ha egy alkalmazott t\u00f6bb mint 5,5 \u00f3r\u00e1t dolgozik, k\u00f6telez\u0151 egy legal\u00e1bb 30 perces sz\u00fcnet. Ez a sz\u00fcnet \u00e1ltal\u00e1ban nem fizetett, \u00e9s nem sz\u00e1m\u00edt munkaid\u0151nek. Ugyanakkor egyes munkaad\u00f3k fizetett sz\u00fcneteket k\u00edn\u00e1lnak juttat\u00e1si csomagjaik r\u00e9szek\u00e9nt. A 30 perces sz\u00fcnet k\u00e9t 15 perces sz\u00fcnetre is oszthat\u00f3, ami t\u00f6bb rugalmass\u00e1got biztos\u00edt a munkanap sor\u00e1n.<\/span><\/p>\n<p><b>Hosszabb m\u0171szak, hosszabb sz\u00fcnet<\/b><span style=\"font-weight: 400;\"> \u2013 Azoknak az alkalmazottaknak, akik t\u00f6bb mint 10 \u00f3r\u00e1t dolgoznak, a minim\u00e1lis sz\u00fcnetid\u0151 legal\u00e1bb 45 perc. Ezt a sz\u00fcnetet is lehet kisebb intervallumokra osztani.<\/span><\/p>\n<p><b>Munkaad\u00f3i d\u00f6nt\u00e9s<\/b><span style=\"font-weight: 400;\"> \u2013 A munkaad\u00f3knak lehet\u0151s\u00e9g\u00fck van a sz\u00fcnetek beoszt\u00e1s\u00e1nak meghat\u00e1roz\u00e1s\u00e1ra \u00fagy, hogy az mindenki sz\u00e1m\u00e1ra a legjobban m\u0171k\u00f6dj\u00f6n.<\/span><\/p>\n<p><b>\u00c9tkez\u00e9si sz\u00fcnetek vs. rendes sz\u00fcnetek<\/b><span style=\"font-weight: 400;\"> \u2013 Fontos k\u00fcl\u00f6nbs\u00e9get tenni az \u00e9tkez\u00e9si sz\u00fcnetek \u00e9s a rendes sz\u00fcnetek k\u00f6z\u00f6tt. A 30 vagy 45 perces minimumok a rendes sz\u00fcnetekre vonatkoznak. Az \u00e9tkez\u00e9si sz\u00fcnetek \u00e1ltal\u00e1ban r\u00f6videbbek, \u00e9s a c\u00e9g szab\u00e1lyzat\u00e1t\u00f3l f\u00fcgg\u0151en nem fizetettek.<\/span><\/p>\n<p><b>\u00c9jszakai m\u0171szak<\/b><span style=\"font-weight: 400;\"> \u2013 Az \u00e9jszakai dolgoz\u00f3k eset\u00e9ben a minim\u00e1lis sz\u00fcnetid\u0151k tov\u00e1bbra is \u00e9rv\u00e9nyesek, de ezek beoszt\u00e1sa rugalmasabb lehet az \u00e9jszakai munka sor\u00e1n.<\/span><\/p>\n<p><span style=\"font-weight: 400;\">Ne feledd, ezek a jogi minimumok, de egyes munkaad\u00f3k enn\u00e9l kedvez\u0151bb sz\u00fcnetpolitik\u00e1t is k\u00edn\u00e1lhatnak. A r\u00e9szletek\u00e9rt \u00e9rdemes megk\u00e9rdezni a HR oszt\u00e1lyt, a munkaszerz\u0151d\u00e9sedet vagy a v\u00e1llalati k\u00e9zik\u00f6nyvet.<\/span><\/p>\n<h3><span style=\"font-weight: 400;\">T\u00fal\u00f3ra<\/span><\/h3>\n<p><span style=\"font-weight: 400;\">Hollandi\u00e1ban a t\u00fal\u00f3ra l\u00e9tezik, de nem olyan elterjedt, mint egyes m\u00e1s orsz\u00e1gokban.<\/span><b> A t\u00fal\u00f3ra azokat az \u00f3r\u00e1kat jelenti, amelyek meghaladj\u00e1k a munkaad\u00f3 \u00e9s a munkav\u00e1llal\u00f3 k\u00f6z\u00f6tti munkaszerz\u0151d\u00e9sben r\u00f6gz\u00edtett id\u0151keretet.<\/b><\/p>\n<p><span style=\"font-weight: 400;\">A t\u00fal\u00f3r\u00e1z\u00e1s\u00e9rt j\u00e1r\u00f3 kompenz\u00e1ci\u00f3 m\u00e9rt\u00e9ke a munkaszerz\u0151d\u00e9sedt\u0151l vagy a kollekt\u00edv szerz\u0151d\u00e9st\u0151l (CAO) f\u00fcgg. <\/span><b>A t\u00fal\u00f3ra d\u00edjaz\u00e1sa \u00e1ltal\u00e1ban a szok\u00e1sos \u00f3rab\u00e9red egy bizonyos sz\u00e1zal\u00e9ka (gyakran 50% vagy 100% extra), vagy szabadid\u0151 form\u00e1j\u00e1ban j\u00e1r kifizet\u00e9s helyett.<\/b><\/p>\n<p><span style=\"font-weight: 400;\">Magasabb beoszt\u00e1sokban (\u00e1ltal\u00e1ban 11-es szint felett) a t\u00fal\u00f3r\u00e1t gyakran a b\u00e9r r\u00e9sz\u00e9nek tekintik. <\/span><b>Fontos tudni, hogy a munkav\u00e1llal\u00f3 nem jogosult t\u00fal\u00f3ra d\u00edjaz\u00e1sra, ha a vezet\u0151 utas\u00edt\u00e1sa n\u00e9lk\u00fcl dolgozik t\u00fal\u00f3r\u00e1ban, vagy ha a t\u00fal\u00f3ra nem haladja meg az egy \u00f3r\u00e1t a rendes munkaid\u0151 ut\u00e1n.<\/b><\/p>\n<p><span style=\"font-weight: 400;\">Ha b\u00e1rmilyen agg\u00e1lyod van a t\u00fal\u00f3r\u00e1val kapcsolatban, a legjobb, ha k\u00f6zvetlen\u00fcl a HR oszt\u00e1llyal vagy a munkaad\u00f3ddal besz\u00e9led meg.<\/span><\/p>\n<h2>K\u00e9szen \u00e1llsz dolgozni Hollandi\u00e1ban?<\/h2>\n<p><span style=\"font-weight: 400;\">Egy \u00faj munkakult\u00far\u00e1hoz val\u00f3 alkalmazkod\u00e1s id\u0151t vesz ig\u00e9nybe. A val\u00f3s\u00e1g az, hogy hamar sikeresen beilleszkedsz egy olyan munkak\u00f6rnyezetbe, ahol \u00e9rt\u00e9kelik az id\u0151det \u00e9s a munkahelyen k\u00edv\u00fcli j\u00f3l\u00e9tedet. Ehhez fejleszd id\u0151menedzsment k\u00e9szs\u00e9geidet, prioriz\u00e1ld a feladataidat, \u00e9s \u00f6sszpontos\u00edts a legfontosabb teend\u0151kre.<\/span><\/p>\n<p><span style=\"font-weight: 400;\">A holland munkaid\u0151 a szem\u00e9lyes id\u0151t \u00e9s j\u00f3l\u00e9tet a termel\u00e9kenys\u00e9ggel egyenrang\u00faan kezeli, \u00edgy haszn\u00e1ld ki az alkalmat, hogy felt\u00f6lt\u0151dj a munk\u00e1n k\u00edv\u00fcl.<\/span><\/p>\n<p><span style=\"font-weight: 400;\">Ha \u00e9rdekelnek r\u00f6vid vagy hossz\u00fa t\u00e1v\u00fa munkalehet\u0151s\u00e9gek Hollandi\u00e1ban, van egy remek aj\u00e1nlatunk sz\u00e1modra. <\/span><a href=\"https:\/\/robin.jobs\/hu\/szabad-allasok-kulfoldon\"><span style=\"font-weight: 400;\">L\u00e1togass el a Robin oldal\u00e1ra,<\/span><\/a><span style=\"font-weight: 400;\"> \u00e9s fedezd fel, milyen \u00e1ll\u00e1slehet\u0151s\u00e9gek v\u00e1rnak Hollandi\u00e1ban!<\/span><\/p>\n","protected":false},"excerpt":{"rendered":"<p>Hollandia h\u00edres az eg\u00e9szs\u00e9ges munka-mag\u00e1n\u00e9let egyens\u00faly\u00e1r\u00f3l, ami a szok\u00e1sos munkaid\u0151ben is megmutatkozik. Egy hollandiai munka eset\u00e9n hat\u00e9kony \u00e9s produkt\u00edv munkaid\u0151t, valamint elegend\u0151 szabadid\u0151t kapsz, hogy hobbijaidnak \u00e9lhess vagy felt\u00f6lt\u0151dj munkaid\u0151n k\u00edv\u00fcl. Egy \u00e1tlagos holland munkah\u00e9t h\u00e9tf\u0151t\u0151l p\u00e9ntekig tart, \u00e1ltal\u00e1ban reggel 9:00 \u00e9s 10:00 k\u00f6z\u00f6tt kezd\u0151dik, \u00e9s 17:00 vagy 18:00 k\u00f6r\u00fcl \u00e9r v\u00e9get, ami napi k\u00f6r\u00fclbel\u00fcl&#8230;<\/p>\n","protected":false},"author":30,"featured_media":1219490,"comment_status":"open","ping_status":"open","sticky":false,"template":"","format":"standard","meta":{"_acf_changed":false,"inline_featured_image":false,"footnotes":""},"categories":[1116],"tags":[],"class_list":["post-1219489","post","type-post","status-publish","format-standard","has-post-thumbnail","hentry","category-munka","work-category-munka-hollandiaban"],"acf":[],"_links":{"self":[{"href":"https:\/\/robin.jobs\/hu\/wp-json\/wp\/v2\/posts\/1219489","targetHints":{"allow":["GET"]}}],"collection":[{"href":"https:\/\/robin.jobs\/hu\/wp-json\/wp\/v2\/posts"}],"about":[{"href":"https:\/\/robin.jobs\/hu\/wp-json\/wp\/v2\/types\/post"}],"author":[{"embeddable":true,"href":"https:\/\/robin.jobs\/hu\/wp-json\/wp\/v2\/users\/30"}],"replies":[{"embeddable":true,"href":"https:\/\/robin.jobs\/hu\/wp-json\/wp\/v2\/comments?post=1219489"}],"version-history":[{"count":3,"href":"https:\/\/robin.jobs\/hu\/wp-json\/wp\/v2\/posts\/1219489\/revisions"}],"predecessor-version":[{"id":1250399,"href":"https:\/\/robin.jobs\/hu\/wp-json\/wp\/v2\/posts\/1219489\/revisions\/1250399"}],"wp:featuredmedia":[{"embeddable":true,"href":"https:\/\/robin.jobs\/hu\/wp-json\/wp\/v2\/media\/1219490"}],"wp:attachment":[{"href":"https:\/\/robin.jobs\/hu\/wp-json\/wp\/v2\/media?parent=1219489"}],"wp:term":[{"taxonomy":"category","embeddable":true,"href":"https:\/\/robin.jobs\/hu\/wp-json\/wp\/v2\/categories?post=1219489"},{"taxonomy":"post_tag","embeddable":true,"href":"https:\/\/robin.jobs\/hu\/wp-json\/wp\/v2\/tags?post=1219489"}],"curies":[{"name":"wp","href":"https:\/\/api.w.org\/{rel}","templated":true}]}}