{"id":1218247,"date":"2024-10-13T02:12:12","date_gmt":"2024-10-12T23:12:12","guid":{"rendered":"https:\/\/robin.jobs\/hu\/?p=1218247"},"modified":"2024-10-13T02:12:12","modified_gmt":"2024-10-12T23:12:12","slug":"elet-hollandiaban","status":"publish","type":"post","link":"https:\/\/robin.jobs\/hu\/kulfoldon-dolgozni\/elet-hollandiaban","title":{"rendered":"\u00c9let Hollandi\u00e1ban: 16 ok, ami\u00e9rt t\u00f6k\u00e9letes a k\u00fclf\u00f6ldi munkav\u00e1llal\u00f3k sz\u00e1m\u00e1ra"},"content":{"rendered":"<p><span style=\"font-weight: 400;\">Mit jelent sz\u00e1modra Hollandi\u00e1ban \u00e9lni? A magas \u00e9letmin\u0151s\u00e9gt\u0151l \u00e9s a k\u00fcl\u00f6nb\u00f6z\u0151 munkalehet\u0151s\u00e9gekt\u0151l kezdve az angol nyelv k\u00f6nny\u0171 besz\u00e9lhet\u0151s\u00e9g\u00e9n \u00e1t a gazdag kultur\u00e1lis k\u00edn\u00e1latig ez a cikk vil\u00e1gos \u00e1ttekint\u00e9st ny\u00fajt mindenkinek, aki a k\u00f6lt\u00f6z\u00e9st fontolgatja.<\/span><\/p>\n<p><span style=\"font-weight: 400;\">Ismerd meg a legfontosabb tudnival\u00f3kat \u00e9s azt, hogy mi k\u00fcl\u00f6nb\u00f6zteti meg igaz\u00e1n a holland \u00e9letet, \u00edzel\u00edt\u0151t ny\u00fajtva egy olyan t\u00e1rsadalomr\u00f3l, ahol a hat\u00e9konys\u00e1g \u00e9s az \u00e9lvezet k\u00e9z a k\u00e9zben j\u00e1r &#8211; mindezt an\u00e9lk\u00fcl, hogy el\u00e1rasztan\u00e1nk apr\u00f3 r\u00e9szletekkel.<\/span><\/p>\n<h2><span style=\"font-weight: 400;\">A legfontosabb tudnival\u00f3k<\/span><\/h2>\n<ul>\n<li style=\"font-weight: 400;\" aria-level=\"1\"><span style=\"font-weight: 400;\">Hollandia magas \u00e9letmin\u0151s\u00e9get k\u00edn\u00e1l, bele\u00e9rtve a vil\u00e1gsz\u00ednvonal\u00fa eg\u00e9szs\u00e9g\u00fcgyi rendszert, a magas sz\u00ednvonal\u00fa oktat\u00e1st \u00e9s a munka \u00e9s a mag\u00e1n\u00e9let kiv\u00e1l\u00f3 egyens\u00faly\u00e1t, ami vonz\u00f3 c\u00e9lpontt\u00e1 teszi a k\u00fclf\u00f6ldi munkav\u00e1llal\u00f3k sz\u00e1m\u00e1ra.<\/span><\/li>\n<li style=\"font-weight: 400;\" aria-level=\"1\"><span style=\"font-weight: 400;\">Az alacsony munkan\u00e9lk\u00fclis\u00e9gi r\u00e1t\u00e1val rendelkez\u0151 holland gazdas\u00e1g b\u0151s\u00e9ges munkalehet\u0151s\u00e9get k\u00edn\u00e1l a k\u00fcl\u00f6nb\u00f6z\u0151 \u00e1gazatokban a k\u00e9pzett k\u00fclf\u00f6ldi munkav\u00e1llal\u00f3k sz\u00e1m\u00e1ra, amihez az eg\u00e9szs\u00e9ges munka-mag\u00e1n\u00e9let egyens\u00falyt t\u00e1mogat\u00f3 t\u00f6rv\u00e9nyek \u00e9s a tisztess\u00e9ges minim\u00e1lb\u00e9r-kiigaz\u00edt\u00e1sok t\u00e1rsulnak.<\/span><\/li>\n<li style=\"font-weight: 400;\" aria-level=\"1\"><span style=\"font-weight: 400;\">Hollandia kiemelkedik hat\u00e9kony t\u00f6megk\u00f6zleked\u00e9s\u00e9vel, a lakoss\u00e1g magas szint\u0171 angol nyelvtud\u00e1s\u00e1val, multikultur\u00e1lis k\u00f6rnyezet\u00e9vel \u00e9s m\u00e1s eur\u00f3pai orsz\u00e1gok el\u00e9rhet\u0151s\u00e9g\u00e9vel.<\/span><\/li>\n<\/ul>\n<h2><span style=\"font-weight: 400;\">A holland \u00e9letm\u00f3d meg\u00e9rt\u00e9se<\/span><\/h2>\n<p><picture><source srcset=\"https:\/\/robin.jobs\/hu\/wp-content\/webp-express\/webp-images\/doc-root\/wp-content\/uploads\/sites\/16\/2024\/09\/kerekparos-kultura.jpg.webp 720w, https:\/\/robin.jobs\/hu\/wp-content\/webp-express\/webp-images\/doc-root\/wp-content\/uploads\/sites\/16\/2024\/09\/kerekparos-kultura-300x192.jpg.webp 300w, https:\/\/robin.jobs\/hu\/wp-content\/webp-express\/webp-images\/doc-root\/wp-content\/uploads\/sites\/16\/2024\/09\/kerekparos-kultura-697x446.jpg.webp 697w\" sizes=\"(max-width: 720px) 100vw, 720px\" type=\"image\/webp\"><img fetchpriority=\"high\" decoding=\"async\" class=\"alignnone size-full wp-image-1218251 webpexpress-processed\" src=\"https:\/\/robin.jobs\/hu\/wp-content\/uploads\/sites\/16\/2024\/09\/kerekparos-kultura.jpg\" alt=\"Kerekparos kultura\" width=\"720\" height=\"461\" srcset=\"https:\/\/robin.jobs\/hu\/wp-content\/uploads\/sites\/16\/2024\/09\/kerekparos-kultura.jpg 720w, https:\/\/robin.jobs\/hu\/wp-content\/uploads\/sites\/16\/2024\/09\/kerekparos-kultura-300x192.jpg 300w, https:\/\/robin.jobs\/hu\/wp-content\/uploads\/sites\/16\/2024\/09\/kerekparos-kultura-697x446.jpg 697w\" sizes=\"(max-width: 720px) 100vw, 720px\"><\/picture><\/p>\n<p><span style=\"font-weight: 400;\">Hollandia, amelyet el\u0151szeretettel neveznek &#8220;low countries&#8221;-nek, egy olyan t\u00e1rsadalomr\u00f3l tesz tan\u00fabizonys\u00e1got, amely nagyra \u00e9rt\u00e9keli a strukt\u00far\u00e1t, a toleranci\u00e1t \u00e9s a nyitotts\u00e1got. <\/span><b>A tisztelet, a feddhetetlens\u00e9g \u00e9s az \u00f6nfegyelem a holland t\u00e1rsadalom alappill\u00e9rei, amelyek t\u00e1pl\u00e1l\u00f3 k\u00f6rnyezetet teremtenek mind a helyiek, mind a k\u00fclf\u00f6ldiek sz\u00e1m\u00e1ra.\u00a0<\/b><\/p>\n<p><span style=\"font-weight: 400;\">A holland \u00e9let k\u00f6z\u00e9ppontj\u00e1ban a &#8220;gezelligheid&#8221; fogalma \u00e1ll, amely a meghitts\u00e9get, a t\u00e1rsas\u00e1gi \u00e9letet \u00e9s a szeretteinkkel val\u00f3 egy\u00fcttl\u00e9tb\u0151l sz\u00e1rmaz\u00f3 \u00f6r\u00f6m\u00f6t jelenti. A bajt\u00e1rsiass\u00e1g \u00e9s a k\u00f6z\u00f6ss\u00e9gi \u00f6r\u00f6m\u00f6k szelleme a hollandok meleg \u00e9s h\u00edvogat\u00f3 term\u00e9szet\u00e9r\u0151l tan\u00faskodik.<\/span><\/p>\n<p><span style=\"font-weight: 400;\">A holland t\u00e1rsadalmi norm\u00e1k bar\u00e1ts\u00e1gosak \u00e9s besz\u00e9lget\u0151sek, elfogadj\u00e1k a k\u00fclf\u00f6ldieket. A hollandok b\u00fcszk\u00e9k a kapcsolatok ki\u00e9p\u00edt\u00e9s\u00e9re, amit a szoci\u00e1lpolitika pragmatikus megk\u00f6zel\u00edt\u00e9se jellemez, bele\u00e9rtve a figyelemre m\u00e9lt\u00f3 drogpolitik\u00e1t is.\u00a0<\/span><\/p>\n<p><span style=\"font-weight: 400;\">Hollandi\u00e1ba k\u00f6lt\u00f6zni azt jelentheti, hogy alkalmazkodni kell az id\u0151j\u00e1r\u00e1shoz, amely a gyakori felh\u0151zet\u00e9r\u0151l \u00e9s es\u0151z\u00e9s\u00e9r\u0151l ismert, \u00e9vente ak\u00e1r 300 felh\u0151s napot is tartogat. A helyiek azonban k\u00f6nnyed\u00e9n alkalmazkodtak, \u00e9s ink\u00e1bb az es\u0151kab\u00e1tokat r\u00e9szes\u00edtik el\u0151nyben az eserny\u0151kkel szemben, az infrastrukt\u00far\u00e1t pedig \u00fagy tervezt\u00e9k, hogy hat\u00e9konyan kezelje az \u00e9ghajlatot.<\/span><\/p>\n<p><span style=\"font-weight: 400;\">A holland t\u00e1rsadalomban mindenki v\u00e9lem\u00e9nye sz\u00e1m\u00edt. A tal\u00e1lkoz\u00f3k gyakran ny\u00edlt p\u00e1rbesz\u00e9dre \u00f6szt\u00f6n\u00f6znek, ahol az egy\u00e9nek k\u00f6zvetlen\u00fcl fejezik ki gondolataikat, el\u0151seg\u00edtve az \u00e9p\u00edt\u0151 kritika kult\u00far\u00e1j\u00e1t.\u00a0<\/span><\/p>\n<p><span style=\"font-weight: 400;\">Ez a k\u00f6zvetlen kommunik\u00e1ci\u00f3s st\u00edlus a holland t\u00e1rsadalom \u00e1tl\u00e1that\u00f3s\u00e1g \u00e9s \u0151szintes\u00e9g ir\u00e1nti elk\u00f6telezetts\u00e9g\u00e9t t\u00fckr\u00f6zi, amely tulajdons\u00e1got mind a szakmai, mind a szem\u00e9lyes szf\u00e9r\u00e1ban nagyra \u00e9rt\u00e9kelik.<\/span><\/p>\n<h2><span style=\"font-weight: 400;\">1. Magas \u00e9letmin\u0151s\u00e9g<\/span><\/h2>\n<p><span style=\"font-weight: 400;\">Ha van valami, ami megk\u00fcl\u00f6nb\u00f6zteti Hollandi\u00e1t, az a magas \u00e9letmin\u0151s\u00e9g, amelyet a lakosainak k\u00edn\u00e1l. <\/span><b>Az orsz\u00e1g kiv\u00e1l\u00f3 eg\u00e9szs\u00e9g\u00fcgyi, oktat\u00e1si \u00e9s szoci\u00e1lis szolg\u00e1ltat\u00e1sai hozz\u00e1j\u00e1rulnak a magas \u00e9letsz\u00ednvonalhoz, amelyet neh\u00e9z fel\u00fclm\u00falni.<\/b><\/p>\n<p><span style=\"font-weight: 400;\">A holland eg\u00e9szs\u00e9g\u00fcgyi ell\u00e1t\u00e1s h\u00edres a hat\u00e9konys\u00e1g\u00e1r\u00f3l \u00e9s a hozz\u00e1f\u00e9rhet\u0151s\u00e9g\u00e9r\u0151l, ami biztos\u00edtja, hogy a gyermekt\u0151l az id\u0151sekig mindenki hozz\u00e1f\u00e9rjen a legsz\u00ednvonalasabb orvosi szolg\u00e1ltat\u00e1sokhoz. Az oktat\u00e1si rendszer ugyanilyen dics\u00e9retes, mivel magas sz\u00ednvonal\u00fa oktat\u00e1st biztos\u00edt, amely er\u0151s alapot teremt az egy\u00e9n \u00e1ltal\u00e1nos fejl\u0151d\u00e9s\u00e9hez.<\/span><\/p>\n<p><b>A hollandiai magas b\u00e9rek seg\u00edtenek ellens\u00falyozni a viszonylag magas j\u00f6vedelemad\u00f3-kulcsokat, \u00edgy a lakosok \u00e1ltal\u00e1nos p\u00e9nz\u00fcgyi helyzete kezelhet\u0151v\u00e9 v\u00e1lik.<\/b><span style=\"font-weight: 400;\"> A magas \u00e9letmin\u0151s\u00e9g azonban nem korl\u00e1toz\u00f3dik az eg\u00e9szs\u00e9g\u00fcgyre \u00e9s az oktat\u00e1sra.<\/span><\/p>\n<p><span style=\"font-weight: 400;\">A hollandok elsaj\u00e1t\u00edtott\u00e1k a munka \u00e9s a mag\u00e1n\u00e9let egyens\u00faly\u00e1nak m\u0171v\u00e9szet\u00e9t. Meg\u00e9rtik, hogy az \u00e9let nem csak a munk\u00e1r\u00f3l sz\u00f3l, hanem arr\u00f3l is, hogy \u00e9lvezz\u00fck az apr\u00f3 pillanatokat, id\u0151t t\u00f6lts\u00fcnk a csal\u00e1dunkkal, \u00e9s vigy\u00e1zzunk az eg\u00e9szs\u00e9g\u00fcnkre. Ez a kiegyens\u00falyozott \u00e9letszeml\u00e9let boldog, el\u00e9gedett \u00e9s produkt\u00edv t\u00e1rsadalmat eredm\u00e9nyez, \u00edgy Hollandia vonz\u00f3 c\u00e9lpont a kiegyens\u00falyozott \u00e9s teljes mag\u00e1n\u00e9letet keres\u0151 k\u00fclf\u00f6ldi munkav\u00e1llal\u00f3k sz\u00e1m\u00e1ra.<\/span><\/p>\n<h2><span style=\"font-weight: 400;\">2. Eg\u00e9szs\u00e9ges munka-mag\u00e1n\u00e9let egyens\u00faly<\/span><\/h2>\n<p><span style=\"font-weight: 400;\">Egy olyan vil\u00e1gban, ahol a munka \u00e9s a mag\u00e1n\u00e9let k\u00f6z\u00f6tti hat\u00e1rok gyakran elmos\u00f3dnak, Hollandia kiemelkedik a munka \u00e9s a mag\u00e1n\u00e9let eg\u00e9szs\u00e9ges egyens\u00faly\u00e1nak hangs\u00falyoz\u00e1s\u00e1val. Az OECD Better Life Indexe szerint az orsz\u00e1g 38 orsz\u00e1g k\u00f6z\u00fcl a harmadik helyen \u00e1ll a munka \u00e9s a mag\u00e1n\u00e9let egyens\u00falya tekintet\u00e9ben, \u00e9s a <\/span><b>holland munkav\u00e1llal\u00f3knak csak mintegy 0,4%-a dolgozik nagyon hossz\u00fa \u00f3r\u00e1kat. <\/b><span style=\"font-weight: 400;\">Ez nem puszta v\u00e9letlen, hanem a holland t\u00e1rsadalom \u00e1ltal vallott kultur\u00e1lis \u00e9rt\u00e9kek eredm\u00e9nye.<\/span><\/p>\n<p><span style=\"font-weight: 400;\">A holland korm\u00e1ny jelent\u0151s szerepet j\u00e1tszik abban, hogy el\u0151seg\u00edtse a munka \u00e9s a mag\u00e1n\u00e9let eg\u00e9szs\u00e9ges egyens\u00faly\u00e1t polg\u00e1rai k\u00f6r\u00e9ben. T\u00f6rv\u00e9nyeket vezetett be a maxim\u00e1lis munkaid\u0151re vonatkoz\u00f3an, \u00e9s t\u00e1mogatja a &#8220;polder modellt&#8221;, egy olyan konszenzuson alapul\u00f3 d\u00f6nt\u00e9shozatali modellt, amely mindenki \u00e9rdekeit figyelembe veszi.<\/span><\/p>\n<p><b>Hollandi\u00e1ban a tipikus heti munkaid\u0151 k\u00f6r\u00fclbel\u00fcl 32-36 \u00f3ra,<\/b><span style=\"font-weight: 400;\"> ami lehet\u0151v\u00e9 teszi a cs\u00f6kkentett munkaterhel\u00e9st \u00e9s a mag\u00e1n\u00e9letre val\u00f3 \u00f6sszpontos\u00edt\u00e1st. Ez a felismer\u00e9s, hogy a hagyom\u00e1nyos 9-t\u0151l 5-ig tart\u00f3 munkaszervez\u00e9s nem mindig felel meg az egy\u00e9nek k\u00fcl\u00f6nb\u00f6z\u0151 ig\u00e9nyeinek, a rugalmas munkarendek elfogad\u00e1s\u00e1hoz vezetett.<\/span><\/p>\n<p><span style=\"font-weight: 400;\">R\u00e1ad\u00e1sul a fizetett szabadid\u0151 (PTO) Hollandi\u00e1ban a foglalkoztat\u00e1s alapvet\u0151 szempontja:<\/span><b> a t\u00f6rv\u00e9nyileg el\u0151\u00edrt minimum 20 nap \u00e9vente, valamint tov\u00e1bbi szabads\u00e1gp\u00e9nz <\/b><span style=\"font-weight: 400;\">biztos\u00edtja, hogy a hollandok b\u0151s\u00e9ges szabadid\u0151t t\u00f6lthessenek el.<\/span><\/p>\n<h2><span style=\"font-weight: 400;\">3. Er\u0151s gazdas\u00e1g \u00e9s munkaer\u0151piac<\/span><\/h2>\n<p><span style=\"font-weight: 400;\">Hollandia er\u0151s gazdas\u00e1ggal rendelkezik, amely term\u00e9keny talajt biztos\u00edt a v\u00e1llalkoz\u00e1soknak a gyarapod\u00e1shoz \u00e9s az egy\u00e9neknek a boldogul\u00e1shoz. Az orsz\u00e1g er\u0151s gazdas\u00e1ga a fejlett infrastrukt\u00far\u00e1nak, a hat\u00e9kony korm\u00e1nyzati politik\u00e1nak \u00e9s a magasan k\u00e9pzett munkaer\u0151nek k\u00f6sz\u00f6nhet\u0151.<\/span><\/p>\n<p><span style=\"font-weight: 400;\">A holland k\u00f6zponti tervez\u00e9si hivatal szerint 2024-ben a <\/span><b>Hollandi\u00e1ban foglalkoztatottak \u00e1tlagos \u00e9ves fizet\u00e9se \u00e9vi 44 000 eur\u00f3, azaz havi 3666 eur\u00f3 lesz<\/b><span style=\"font-weight: 400;\">. A hollandiai magas j\u00f6vedelemad\u00f3-kulcsok ellen\u00e9re az \u00e1ltal\u00e1ban magas b\u00e9rek kiegyenl\u00edtik az ad\u00f3terheket, \u00edgy azok a legt\u00f6bb munkav\u00e1llal\u00f3 sz\u00e1m\u00e1ra kezelhet\u0151ek.<\/span><\/p>\n<p><span style=\"font-weight: 400;\">Az olyan kulcsfontoss\u00e1g\u00fa k\u00e9kgall\u00e9ros ipar\u00e1gak, mint a mez\u0151gazdas\u00e1g, a logisztika \u00e9s a termel\u00e9s, hogy csak n\u00e9h\u00e1nyat eml\u00edts\u00fcnk, sz\u00e1mos lehet\u0151s\u00e9get k\u00edn\u00e1lnak a k\u00e9pzett k\u00fclf\u00f6ldi munkav\u00e1llal\u00f3k sz\u00e1m\u00e1ra, hogy <\/span><span style=\"font-weight: 400;\"><a href=\"https:\/\/robin.jobs\/hu\/munka-hollandiaban\">Hollandi\u00e1ban dolgozzanak<\/a>.<\/span><span style=\"font-weight: 400;\"> Az alacsony munkan\u00e9lk\u00fclis\u00e9gi r\u00e1ta \u00e9s a karrierlehet\u0151s\u00e9gek vonz\u00f3v\u00e1 teszik Hollandi\u00e1t a karrierj\u00fcket \u00e9s anyagi helyzet\u00fcket jav\u00edtani k\u00edv\u00e1n\u00f3 k\u00fclf\u00f6ldi munkav\u00e1llal\u00f3k sz\u00e1m\u00e1ra.<\/span><\/p>\n<p><span style=\"font-weight: 400;\">Legyen sz\u00f3 multinacion\u00e1lis v\u00e1llalatr\u00f3l vagy csal\u00e1di v\u00e1llalkoz\u00e1sr\u00f3l, a holland munkaer\u0151piac v\u00e1ltozatos lehet\u0151s\u00e9geket k\u00edn\u00e1l, amelyek k\u00fcl\u00f6nb\u00f6z\u0151 k\u00e9szs\u00e9geknek \u00e9s karriertervekhez igazodnak.<\/span><\/p>\n<h3><span style=\"font-weight: 400;\">A hollandiai meg\u00e9lhet\u00e9si k\u00f6lts\u00e9gek kezel\u00e9se k\u00fclf\u00f6ldik\u00e9nt<\/span><\/h3>\n<p><span style=\"font-weight: 400;\">A meg\u00e9lhet\u00e9si k\u00f6lts\u00e9gek Hollandi\u00e1ban magasak lehetnek, de a gondos k\u00f6lts\u00e9gvet\u00e9s-tervez\u00e9s seg\u00edt a kiad\u00e1sok hat\u00e9kony kezel\u00e9s\u00e9ben. A lakhat\u00e1s, az \u00e9lelmiszer \u00e9s a k\u00f6zleked\u00e9s jelent\u0151s r\u00e9sz\u00e9t k\u00e9pezik a teljes k\u00f6lts\u00e9gnek, de a munkak\u00f6zvet\u00edt\u0151k\u00f6n kereszt\u00fcl cs\u00f6kkenthet\u0151k, ha munka miatt k\u00f6lt\u00f6z\u00f6l Hollandi\u00e1ba.<\/span><\/p>\n<p><span style=\"font-weight: 400;\">Egyesek szerint a hollandiai \u00e9let egyik h\u00e1tr\u00e1nya a magas lak\u00e1s\u00e1r. A b\u00e9rleti piac jelent\u0151sen elt\u00e9r, <\/span><b>a v\u00e1rosokban magasabbak a b\u00e9rleti d\u00edjak, a vid\u00e9ki ter\u00fcleteken pedig megfizethet\u0151bbek a lehet\u0151s\u00e9gek<\/b><span style=\"font-weight: 400;\">, teljes m\u00e9rt\u00e9kben \u00e1t\u00f6lelve a holland falusi \u00e9let var\u00e1zs\u00e1t.<\/span><\/p>\n<p><span style=\"font-weight: 400;\">Hollandi\u00e1ban olyan ideiglenes lakhat\u00e1si megold\u00e1sokat tal\u00e1lhatsz, mint p\u00e9ld\u00e1ul a szolg\u00e1lati lak\u00e1sok \u00e9s a r\u00f6vid t\u00e1v\u00fa b\u00e9rlem\u00e9nyek, ha azonnali sz\u00e1ll\u00e1sra van sz\u00fcks\u00e9ged \u00e9rkez\u00e9sedkor, am\u00edg megfizethet\u0151 lak\u00e1st keresel. A helyi piacokon val\u00f3 v\u00e1s\u00e1rl\u00e1s \u00e9s a t\u00f6megk\u00f6zleked\u00e9s haszn\u00e1lata tov\u00e1bb seg\u00edthet a meg\u00e9lhet\u00e9si k\u00f6lts\u00e9gek kezel\u00e9s\u00e9ben.<\/span><\/p>\n<h3><span style=\"font-weight: 400;\">A kereset n\u00f6vel\u00e9se k\u00fclf\u00f6ldi munkav\u00e1llal\u00f3k\u00e9nt Hollandi\u00e1ban<\/span><\/h3>\n<p><span style=\"font-weight: 400;\">Hollandi\u00e1ban a k\u00fclf\u00f6ldi munkav\u00e1llal\u00f3knak sz\u00e1mos lehet\u0151s\u00e9g\u00fck van j\u00f6vedelm\u00fck n\u00f6vel\u00e9s\u00e9re. P\u00e9ld\u00e1ul<\/span><b> a m\u0171szakos munka v\u00e1laszt\u00e1sa gyakran j\u00e1r m\u0171szakp\u00f3tl\u00e9kkal vagy pr\u00e9mium fizet\u00e9ssel, ami n\u00f6veli a kereseti lehet\u0151s\u00e9geket. <\/b><span style=\"font-weight: 400;\">A t\u00fal\u00f3r\u00e1z\u00e1s lehet\u0151s\u00e9gei szint\u00e9n lehet\u0151s\u00e9get ny\u00fajtanak a magasabb kereset el\u00e9r\u00e9s\u00e9re, k\u00f6sz\u00f6nhet\u0151en a<\/span><b> t\u00fal\u00f3r\u00e1k\u00e9rt j\u00e1r\u00f3 magasabb \u00f3rab\u00e9rnek.<\/b><\/p>\n<p><span style=\"font-weight: 400;\">Tov\u00e1bb\u00e1 a tapasztalat \u00e9s a szak\u00e9rtelem gyarapod\u00e1sa magasabb j\u00f6vedelemhez vezethet. Ahogy a k\u00fclf\u00f6ldi munkav\u00e1llal\u00f3k k\u00e9pess\u00e9 v\u00e1lnak jobb felt\u00e9telek kialkud\u00e1s\u00e1ra vagy fejlettebb poz\u00edci\u00f3k megp\u00e1ly\u00e1z\u00e1s\u00e1ra, \u00fagy n\u0151 a kereseti lehet\u0151s\u00e9g\u00fck.<\/span><\/p>\n<p><span style=\"font-weight: 400;\">Hollandia progressz\u00edv megk\u00f6zel\u00edt\u00e9st k\u00f6vet a minim\u00e1lb\u00e9rrel kapcsolatban, \u00e9s k\u00e9t\u00e9vente kiigaz\u00edtja azt a meg\u00e9lhet\u00e9si k\u00f6lts\u00e9gek \u00e9s az infl\u00e1ci\u00f3s r\u00e1t\u00e1k f\u00fcggv\u00e9ny\u00e9ben. Ez a megk\u00f6zel\u00edt\u00e9s biztos\u00edtja, hogy a munkav\u00e1llal\u00f3k megfelel\u0151 kompenz\u00e1ci\u00f3t kapjanak er\u0151fesz\u00edt\u00e9seik\u00e9rt, ami hozz\u00e1j\u00e1rul a munk\u00e1val val\u00f3 \u00e1ltal\u00e1nos el\u00e9gedetts\u00e9g\u00fckh\u00f6z \u00e9s p\u00e9nz\u00fcgyi stabilit\u00e1sukhoz.<\/span><\/p>\n<h2><span style=\"font-weight: 400;\">4. Szoci\u00e1lis biztons\u00e1gi h\u00e1l\u00f3k<\/span><\/h2>\n<p><span style=\"font-weight: 400;\">Hollandia b\u00fcszke er\u0151s szoci\u00e1lis biztons\u00e1gi h\u00e1l\u00f3j\u00e1ra, amely fontos szerepet j\u00e1tszik az egy\u00e9nek \u00e9s csal\u00e1dok t\u00e1mogat\u00e1s\u00e1ban a k\u00fcl\u00f6nb\u00f6z\u0151 \u00e9letszakaszokban \u00e9s \u00e9lethelyzetekben.<\/span><\/p>\n<p><span style=\"font-weight: 400;\">Ez a biztons\u00e1gi h\u00e1l\u00f3 sz\u00e1mos olyan ell\u00e1t\u00e1st foglal mag\u00e1ban, amelyek hozz\u00e1j\u00e1rulnak a t\u00e1rsadalom \u00e1ltal\u00e1nos j\u00f3l\u00e9t\u00e9hez \u00e9s stabilit\u00e1s\u00e1hoz.<\/span><\/p>\n<h3><span style=\"font-weight: 400;\">Munkan\u00e9lk\u00fclis\u00e9gi ell\u00e1t\u00e1sok<\/span><\/h3>\n<p><span style=\"font-weight: 400;\">A holland szoci\u00e1lis biztons\u00e1gi h\u00e1l\u00f3 seg\u00edt enyh\u00edteni a kisz\u00e1m\u00edthatatlan helyzetek, p\u00e9ld\u00e1ul a munkahely elveszt\u00e9se okozta terheket. Munkan\u00e9lk\u00fcli \u00e1llampolg\u00e1rk\u00e9nt \u00e9s lakosk\u00e9nt munkan\u00e9lk\u00fcli ell\u00e1t\u00e1sban \u00e9s p\u00e9nz\u00fcgyi t\u00e1mogat\u00e1sban r\u00e9szes\u00fclsz, am\u00edg \u00faj munkahelyet keresel. A korm\u00e1ny olyan programokat is k\u00edn\u00e1l, amelyek \u00e9rt\u00e9kes k\u00e9szs\u00e9gekkel \u00e9s t\u00e1mogat\u00e1ssal ruh\u00e1znak, hogy gyorsan talpra \u00e1llhass.<\/span><\/p>\n<p><span style=\"font-weight: 400;\">Term\u00e9szetesen vannak jogosults\u00e1gi felt\u00e9telek. Ahhoz, hogy jogosult l\u00e9gy, a k\u00f6zelm\u00faltban szerzett munkatapasztalattal kell rendelkezned, amely megfelel egy minim\u00e1lis \u00f3rasz\u00e1mnak. Egy m\u00e1sik fontos krit\u00e9rium, hogy a munkahely elveszt\u00e9se nem t\u00f6rt\u00e9nhetett a saj\u00e1t hib\u00e1db\u00f3l.<\/span><\/p>\n<h3><span style=\"font-weight: 400;\">Sz\u00fcl\u00e9si szabads\u00e1g<\/span><\/h3>\n<p><span style=\"font-weight: 400;\">Annak \u00e9rdek\u00e9ben, hogy az \u00fajdons\u00fclt any\u00e1k k\u00f6nnyebben k\u00f6t\u0151djenek kisbab\u00e1jukhoz \u00e9s alkalmazkodjanak a sz\u00fcl\u0151s\u00e9ghez, Hollandia nagyvonal\u00fa, ak\u00e1r 16 h\u00e9tig tart\u00f3 sz\u00fcl\u00e9si szabads\u00e1got k\u00edn\u00e1l. Ez a szabads\u00e1gcsomag mag\u00e1ban foglal legal\u00e1bb 10 h\u00e9t sz\u00fcl\u00e9si szabads\u00e1got a sz\u00fcl\u00e9s ut\u00e1n \u00e9s 6 h\u00e9t terhess\u00e9gi szabads\u00e1got a sz\u00fcl\u00e9s id\u0151pontja el\u0151tt. Ez id\u0151 alatt a fizet\u00e9s\u00fck egy r\u00e9sz\u00e9t kifizetik, \u00edgy a kismam\u00e1k anyagi stressz n\u00e9lk\u00fcl a csal\u00e1djukra koncentr\u00e1lhatnak.<\/span><\/p>\n<h3><span style=\"font-weight: 400;\">Gyermekgondoz\u00e1si t\u00e1mogat\u00e1s<\/span><\/h3>\n<p><span style=\"font-weight: 400;\">A sz\u00fcl\u0151k \u00e9s a munka \u00e9s a mag\u00e1n\u00e9let k\u00f6z\u00f6tti egyens\u00faly megteremt\u00e9se \u00e9rdek\u00e9ben a holland korm\u00e1ny gyermekgondoz\u00e1si t\u00e1mogat\u00e1sokat \u00e9s juttat\u00e1sokat ny\u00fajt. Ezek a p\u00e9nz\u00fcgyi t\u00e1mogat\u00e1sok jelent\u0151sen cs\u00f6kkentik a gyermekgondoz\u00e1si k\u00f6lts\u00e9geket, megk\u00f6nny\u00edtve a csal\u00e1dok sz\u00e1m\u00e1ra, hogy karrierj\u00fck folytat\u00e1sa mellett is megengedhess\u00e9k maguknak a magas sz\u00ednvonal\u00fa gondoz\u00e1st.<\/span><\/p>\n<h2><span style=\"font-weight: 400;\">5. Sokf\u00e9le v\u00edzum- \u00e9s munkav\u00e1llal\u00e1si lehet\u0151s\u00e9g<\/span><\/h2>\n<p><span style=\"font-weight: 400;\">Ak\u00e1r m\u00e1r v\u00e1r r\u00e1d egy \u00e1ll\u00e1s Hollandi\u00e1ban, ak\u00e1r csak most kezded el a munkakeres\u00e9st, a v\u00edzum, a munkav\u00e1llal\u00e1si enged\u00e9ly \u00e9s a tart\u00f3zkod\u00e1si enged\u00e9ly megszerz\u00e9se fontos l\u00e9p\u00e9s a folyamatban.<\/span><\/p>\n<p><span style=\"font-weight: 400;\">Az uni\u00f3s polg\u00e1roknak nincs sz\u00fcks\u00e9g\u00fck v\u00edzumra ahhoz, hogy Hollandi\u00e1ban \u00e9ljenek \u00e9s dolgozzanak, ami azt jelenti, hogy a sz\u00fcks\u00e9ges dokumentumok elk\u00e9sz\u00edt\u00e9se \u00e1ltal\u00e1ban k\u00f6r\u00fclbel\u00fcl 15 percet vesz ig\u00e9nybe, \u00e9s k\u00f6nnyen \u00e1ttelep\u00fclhetnek Hollandi\u00e1ba.<\/span><\/p>\n<p><span style=\"font-weight: 400;\">A nem uni\u00f3s polg\u00e1rok sz\u00e1m\u00e1ra Hollandia t\u00f6bbf\u00e9le v\u00edzumt\u00edpust k\u00edn\u00e1l, hogy a bev\u00e1ndorl\u00f3k k\u00fcl\u00f6nb\u00f6z\u0151 ig\u00e9nyeit kiel\u00e9g\u00edtse:<\/span><\/p>\n<ul>\n<li style=\"font-weight: 400;\" aria-level=\"1\"><b>Magasan k\u00e9pzett migr\u00e1nsv\u00edzum<\/b><span style=\"font-weight: 400;\"> &#8211; Ez a v\u00edzum olyan speci\u00e1lis k\u00e9szs\u00e9gekkel rendelkez\u0151 szakemberek sz\u00e1m\u00e1ra k\u00e9sz\u00fclt, akiket holland v\u00e1llalatok alkalmaznak. Lehet\u0151v\u00e9 teszi sz\u00e1mukra, hogy Hollandi\u00e1ban dolgozzanak \u00e9s csal\u00e1djukkal egy\u00fctt \u00e9ljenek.<\/span><\/li>\n<li style=\"font-weight: 400;\" aria-level=\"1\"><b>Working Holiday Visa <\/b><span style=\"font-weight: 400;\">&#8211; Ez a v\u00edzum bizonyos orsz\u00e1gokb\u00f3l sz\u00e1rmaz\u00f3 (\u00e1ltal\u00e1ban 18-30 \u00e9v k\u00f6z\u00f6tti) fiataloknak sz\u00f3l, akik legfeljebb egy \u00e9vig Hollandi\u00e1ban szeretn\u00e9nek nyaralni \u00e9s dolgozni. Lehet\u0151v\u00e9 teszi sz\u00e1mukra, hogy megismerj\u00e9k a holland kult\u00far\u00e1t, mik\u00f6zben p\u00e9nzt keresnek tart\u00f3zkod\u00e1suk t\u00e1mogat\u00e1s\u00e1ra.<\/span><\/li>\n<li style=\"font-weight: 400;\" aria-level=\"1\"><b>Startup v\u00edzum <\/b><span style=\"font-weight: 400;\">&#8211; Ez a v\u00edzum olyan v\u00e1llalkoz\u00f3knak sz\u00f3l, akik innovat\u00edv v\u00e1llalkoz\u00e1st k\u00edv\u00e1nnak ind\u00edtani Hollandi\u00e1ban. Lehet\u0151v\u00e9 teszi sz\u00e1mukra, hogy egy \u00e9vig tart\u00f3zkodjanak az orsz\u00e1gban, hogy fejlessz\u00e9k indul\u00f3 v\u00e1llalkoz\u00e1sukat, a meghosszabb\u00edt\u00e1s lehet\u0151s\u00e9g\u00e9vel.<\/span><\/li>\n<li style=\"font-weight: 400;\" aria-level=\"1\"><b>V\u00e1llalaton bel\u00fcli \u00e1thelyez\u00e9si (ICT) enged\u00e9ly<\/b><span style=\"font-weight: 400;\"> &#8211; Ez az enged\u00e9ly olyan munkav\u00e1llal\u00f3k sz\u00e1m\u00e1ra sz\u00f3l, akiket v\u00e1llalatuk ideiglenesen \u00e1thelyez egy hollandiai fi\u00f3ktelepre. Vezet\u0151kre, szakemberekre \u00e9s gyakornokokra vonatkozik.<\/span><\/li>\n<li style=\"font-weight: 400;\" aria-level=\"1\"><b>Keres\u0151\u00e9v (orient\u00e1ci\u00f3s \u00e9v) v\u00edzum diplom\u00e1sok sz\u00e1m\u00e1ra<\/b><span style=\"font-weight: 400;\"> &#8211; Ez a v\u00edzum a holland egyetemeken vagy a vil\u00e1g 200 legjobb egyetem\u00e9n v\u00e9gzett nemzetk\u00f6zi diplom\u00e1soknak sz\u00f3l. Lehet\u0151v\u00e9 teszi sz\u00e1mukra, hogy legfeljebb egy \u00e9vig Hollandi\u00e1ban maradjanak, hogy munk\u00e1t tal\u00e1ljanak vagy v\u00e1llalkoz\u00e1st ind\u00edtsanak.<\/span><\/li>\n<li style=\"font-weight: 400;\" aria-level=\"1\"><b>Rendszeres fizetett munkav\u00e1llal\u00e1si v\u00edzum<\/b><span style=\"font-weight: 400;\"> &#8211; Ez a v\u00edzum olyan szem\u00e9lyeknek sz\u00f3l, akiknek holland munk\u00e1ltat\u00f3t\u00f3l van \u00e1ll\u00e1saj\u00e1nlatuk. A munk\u00e1ltat\u00f3nak bizony\u00edtania kell, hogy nem tal\u00e1lt megfelel\u0151 jel\u00f6ltet az EU-n bel\u00fcl, miel\u0151tt nem uni\u00f3s \u00e1llampolg\u00e1rt alkalmazna.<\/span><\/li>\n<li style=\"font-weight: 400;\" aria-level=\"1\"><b>Au Pair v\u00edzum<\/b><span style=\"font-weight: 400;\"> &#8211; Ez a v\u00edzum olyan fiataloknak sz\u00f3l, akik egy holland vend\u00e9gl\u00e1t\u00f3 csal\u00e1dn\u00e1l szeretn\u00e9nek \u00e9lni, \u00e9s seg\u00edteni szeretn\u00e9nek a gyermekgondoz\u00e1sban \u00e9s a k\u00f6nny\u0171 h\u00e1zimunk\u00e1ban. Legfeljebb egy\u00e9ves tart\u00f3zkod\u00e1sra jogos\u00edtja fel \u0151ket.<\/span><\/li>\n<\/ul>\n<p><span style=\"font-weight: 400;\">Szerencs\u00e9re az uni\u00f3s polg\u00e1rok sz\u00e1m\u00e1ra a Hollandi\u00e1ba k\u00f6lt\u00f6z\u00e9s egyszer\u0171 folyamat, azok sz\u00e1m\u00e1ra pedig, akik nem uni\u00f3s polg\u00e1rok, olyan rendszerek \u00e1llnak rendelkez\u00e9sre, amelyek biztos\u00edtj\u00e1k, hogy pontosan tudja, mire van sz\u00fcks\u00e9ge ahhoz, hogy megszerezze ezeket a dokumentumokat, \u00e9s leg\u00e1lisan \u00e9lhessen \u00e9s dolgozhasson Hollandi\u00e1ban k\u00fclf\u00f6ldik\u00e9nt.<\/span><\/p>\n<h2><span style=\"font-weight: 400;\">6. Holland nyugd\u00edjrendszer<\/span><\/h2>\n<p><picture><source srcset=\"https:\/\/robin.jobs\/hu\/wp-content\/webp-express\/webp-images\/doc-root\/wp-content\/uploads\/sites\/16\/2024\/09\/holland-nyugdijrendszer.jpg.webp 720w, https:\/\/robin.jobs\/hu\/wp-content\/webp-express\/webp-images\/doc-root\/wp-content\/uploads\/sites\/16\/2024\/09\/holland-nyugdijrendszer-300x192.jpg.webp 300w, https:\/\/robin.jobs\/hu\/wp-content\/webp-express\/webp-images\/doc-root\/wp-content\/uploads\/sites\/16\/2024\/09\/holland-nyugdijrendszer-697x446.jpg.webp 697w\" sizes=\"(max-width: 720px) 100vw, 720px\" type=\"image\/webp\"><img decoding=\"async\" class=\"alignnone size-full wp-image-1218254 webpexpress-processed\" src=\"https:\/\/robin.jobs\/hu\/wp-content\/uploads\/sites\/16\/2024\/09\/holland-nyugdijrendszer.jpg\" alt=\"Holland nyugdijrendszer\" width=\"720\" height=\"461\" srcset=\"https:\/\/robin.jobs\/hu\/wp-content\/uploads\/sites\/16\/2024\/09\/holland-nyugdijrendszer.jpg 720w, https:\/\/robin.jobs\/hu\/wp-content\/uploads\/sites\/16\/2024\/09\/holland-nyugdijrendszer-300x192.jpg 300w, https:\/\/robin.jobs\/hu\/wp-content\/uploads\/sites\/16\/2024\/09\/holland-nyugdijrendszer-697x446.jpg 697w\" sizes=\"(max-width: 720px) 100vw, 720px\"><\/picture><\/p>\n<p><span style=\"font-weight: 400;\">A Hollandi\u00e1ban dolgoz\u00f3 k\u00fclf\u00f6ldi munkav\u00e1llal\u00f3k \u00e1ltal\u00e1ban ugyanabban a nyugd\u00edjrendszerben vehetnek r\u00e9szt, mint a holland \u00e1llampolg\u00e1rok. A konkr\u00e9t r\u00e9szletek olyan t\u00e9nyez\u0151kt\u0151l f\u00fcgg\u0151en v\u00e1ltozhatnak, mint a foglalkoztat\u00e1si st\u00e1tusz, a tart\u00f3zkod\u00e1s id\u0151tartama \u00e9s a sz\u00e1rmaz\u00e1si orsz\u00e1g.<\/span><\/p>\n<p><span style=\"font-weight: 400;\">A holland nyugd\u00edjbiztos\u00edt\u00e1si megk\u00f6zel\u00edt\u00e9s h\u00e1rom pill\u00e9rre \u00e9p\u00fcl, amelyek mindegyike saj\u00e1tos szerepet t\u00f6lt be a nyugd\u00edjasok p\u00e9nz\u00fcgyi t\u00e1mogat\u00e1s\u00e1ban.<\/span><\/p>\n<h3><span style=\"font-weight: 400;\">\u00c1llami nyugd\u00edj<\/span><\/h3>\n<p><span style=\"font-weight: 400;\">Az els\u0151 pill\u00e9r az \u00e1llami nyugd\u00edj, az \u00fagynevezett <\/span><b>&#8220;AOW-nyugd\u00edj&#8221; (Algemene Ouderdomswet).<\/b><span style=\"font-weight: 400;\"> Ezt a korm\u00e1ny k\u00f6telez\u0151, egyetemes ell\u00e1t\u00e1sk\u00e9nt biztos\u00edtja. <\/span><b>Az AOW-nyugd\u00edjra \u00e9letkora \u00e9s lak\u00f3helye alapj\u00e1n jogosult. <\/b><span style=\"font-weight: 400;\">Ez az alapj\u00f6vedelmet garant\u00e1lja minden hollandiai lakos sz\u00e1m\u00e1ra egy bizonyos \u00e9letkor el\u00e9r\u00e9sekor, amely jelenleg 66 \u00e9v, \u00e9s fokozatosan emelkedik 67 \u00e9vre. A holland nyugd\u00edjalap c\u00e9lja, hogy megalapozza a nyugd\u00edjasok p\u00e9nz\u00fcgyi j\u00f3l\u00e9t\u00e9t.<\/span><\/p>\n<p><span style=\"font-weight: 400;\">A Hollandi\u00e1ban lak\u00f3 k\u00fclf\u00f6ldi munkav\u00e1llal\u00f3k is jogosultak az \u00e1llami nyugd\u00edjra, ha megfelelnek a krit\u00e9riumoknak. A legfontosabb t\u00e9nyez\u0151 az, hogy mi\u00f3ta \u00e9l vagy dolgozik Hollandi\u00e1ban. <\/span><b>Az EU\/EGT-orsz\u00e1gok \u00e1llampolg\u00e1rai eset\u00e9ben a szab\u00e1lyok elt\u00e9rhetnek a nem EU\/EGT-orsz\u00e1gok \u00e1llampolg\u00e1rait\u00f3l.<\/b><\/p>\n<p><span style=\"font-weight: 400;\">Hollandia \u00e9s m\u00e1s orsz\u00e1gok k\u00f6z\u00f6tt sz\u00e1mos k\u00e9toldal\u00fa t\u00e1rsadalombiztos\u00edt\u00e1si meg\u00e1llapod\u00e1s l\u00e9tezik, amelyek biztos\u00edtj\u00e1k, hogy az egyik orsz\u00e1gban szerzett nyugd\u00edjjogosults\u00e1got a m\u00e1sik orsz\u00e1gban is elismerik.<\/span><\/p>\n<h3><span style=\"font-weight: 400;\">Foglalkoz\u00e1si nyugd\u00edjrendszer<\/span><\/h3>\n<p><span style=\"font-weight: 400;\">A m\u00e1sodik pill\u00e9r a foglalkoztat\u00f3i nyugd\u00edjrendszerekb\u0151l \u00e1ll.<\/span><b> Ezeket a munk\u00e1ltat\u00f3 \u00e1ltal finansz\u00edrozott programokat a munk\u00e1ltat\u00f3k \u00e9s a szakszervezetek k\u00f6z\u00f6sen t\u00e1rgyalj\u00e1k meg.<\/b><span style=\"font-weight: 400;\"> A legt\u00f6bb munkav\u00e1llal\u00f3 sz\u00e1m\u00e1ra k\u00f6telez\u0151ek, \u00e9s az \u00e1llami nyugd\u00edj kieg\u00e9sz\u00edt\u00e9s\u00e9re szolg\u00e1lnak. A munk\u00e1ltat\u00f3k \u00e9s a munkav\u00e1llal\u00f3k egyar\u00e1nt hozz\u00e1j\u00e1rulnak ezekhez a programokhoz.<\/span><\/p>\n<p><span style=\"font-weight: 400;\">A holland munkav\u00e1llal\u00f3khoz hasonl\u00f3an a Hollandi\u00e1ban foglalkoztatott k\u00fclf\u00f6ldi munkav\u00e1llal\u00f3k is beiratkozhatnak a foglalkoztat\u00f3i nyugd\u00edjrendszerekbe. Ezek a rendszerek gyakran k\u00f6telez\u0151ek, \u00e9s kieg\u00e9sz\u00edt\u0151 nyugd\u00edjell\u00e1t\u00e1st ny\u00fajtanak.\u00a0<\/span><\/p>\n<p><b>Ha egy holland v\u00e1llalat alkalmaz, el\u0151fordulhat, hogy automatikusan bevonnak a v\u00e1llalati nyugd\u00edjrendszerbe, \u00e9s a j\u00e1rul\u00e9kokat te \u00e9s a munk\u00e1ltat\u00f3 k\u00f6z\u00f6sen fizetitek. <\/b><span style=\"font-weight: 400;\">A r\u00f6vid t\u00e1v\u00fa munkaviszonyban l\u00e9v\u0151 k\u00fclf\u00f6ldi munkav\u00e1llal\u00f3kra a munkaviszony id\u0151tartam\u00e1t\u00f3l \u00e9s a megl\u00e9v\u0151 t\u00e1rsadalombiztos\u00edt\u00e1si meg\u00e1llapod\u00e1sokt\u00f3l f\u00fcgg\u0151en k\u00fcl\u00f6nleges szab\u00e1lyok vagy rendelkez\u00e9sek vonatkozhatnak.<\/span><\/p>\n<h3><span style=\"font-weight: 400;\">Mag\u00e1n kieg\u00e9sz\u00edt\u0151 nyugd\u00edjprogramok<\/span><\/h3>\n<p><span style=\"font-weight: 400;\">A harmadik pill\u00e9r a mag\u00e1n kieg\u00e9sz\u00edt\u0151 nyugd\u00edjprogramok, m\u00e1s n\u00e9ven egy\u00e9ni vagy \u00f6nk\u00e9ntes nyugd\u00edjmegtakar\u00edt\u00e1sok. <\/span><b>Ezek a tervek teljesen szabadon v\u00e1laszthat\u00f3ak, \u00e9s az \u00e1llami \u00e9s a foglalkoztat\u00f3i nyugd\u00edjak kieg\u00e9sz\u00edt\u00e9s\u00e9re szolg\u00e1lnak.<\/b><\/p>\n<p><span style=\"font-weight: 400;\">A mag\u00e1nszem\u00e9lyek saj\u00e1t maguk is befizethetnek ezekbe a tervekbe, \u00e9s ez\u00e9rt ad\u00f3kedvezm\u00e9nyeket kapnak. A befizet\u00e9seket befektetik, \u00e9s a felhalmozott megtakar\u00edt\u00e1sok a nyugd\u00edjas \u00e9vek alatt tov\u00e1bbi j\u00f6vedelemforr\u00e1st k\u00e9peznek.<\/span><\/p>\n<p><span style=\"font-weight: 400;\">A k\u00fclf\u00f6ldi munkav\u00e1llal\u00f3k, k\u00fcl\u00f6n\u00f6sen azok, akik hossz\u00fa t\u00e1v\u00fa hollandiai tart\u00f3zkod\u00e1ssal vagy munkav\u00e1llal\u00e1si tervekkel rendelkeznek, hozz\u00e1j\u00e1rulhatnak a mag\u00e1n kieg\u00e9sz\u00edt\u0151 nyugd\u00edjprogramokhoz.\u00a0<\/span><\/p>\n<h2><span style=\"font-weight: 400;\">7. Angol nyelvtud\u00e1s<\/span><\/h2>\n<p><span style=\"font-weight: 400;\">Egy \u00faj orsz\u00e1gba k\u00f6lt\u00f6zni ijeszt\u0151 lehet, k\u00fcl\u00f6n\u00f6sen, ha a nyelvi akad\u00e1lyok lek\u00fczd\u00e9s\u00e9r\u0151l van sz\u00f3. Hollandi\u00e1ban azonban ez kev\u00e9sb\u00e9 jelent gondot. <\/span><b>Hollandia h\u00edres a magas szint\u0171 angol nyelvtud\u00e1s\u00e1r\u00f3l. <\/b><span style=\"font-weight: 400;\">B\u00e1r az angol nem hivatalos nyelv, a holland lakoss\u00e1g k\u00f6zel 95%-a besz\u00e9l angolul, \u00edgy a nemzetk\u00f6zi \u00e1ll\u00e1skeres\u0151k sz\u00e1m\u00e1ra is bar\u00e1ts\u00e1gos k\u00f6rnyezetet jelent.<\/span><\/p>\n<p><span style=\"font-weight: 400;\">Amszterdam \u00f6nkorm\u00e1nyzata m\u00e9g az angolt is hivatalos nyelvk\u00e9nt ismeri el, b\u00e1r alacsonyabb st\u00e1tusszal, mint a hollandot. Ez a sz\u00e9les k\u00f6r\u0171 angol nyelvtud\u00e1s elengedhetetlen a v\u00e1llalkoz\u00e1sok \u00e9s glob\u00e1lis partnereik vagy \u00fcgyfeleik k\u00f6z\u00f6tti z\u00f6kken\u0151mentes kommunik\u00e1ci\u00f3hoz, ami megk\u00f6nny\u00edti a k\u00fclf\u00f6ldi munkav\u00e1llal\u00f3k beilleszked\u00e9s\u00e9t \u00e9s kommunik\u00e1ci\u00f3j\u00e1t. R\u00e1ad\u00e1sul Hollandi\u00e1ban sz\u00e1mos fels\u0151oktat\u00e1si kurzust angol nyelven oktatnak, ami gazdag\u00edt\u00f3 tanulm\u00e1nyi \u00e9lm\u00e9nyt ny\u00fajt a helyi \u00e9s a nemzetk\u00f6zi hallgat\u00f3k sz\u00e1m\u00e1ra.<\/span><\/p>\n<p><span style=\"font-weight: 400;\">Ez a sz\u00e9les k\u00f6r\u0171 angol nyelvtud\u00e1s megk\u00f6nny\u00edti a k\u00fclf\u00f6ldi munkav\u00e1llal\u00f3k holland t\u00e1rsadalomba val\u00f3 polg\u00e1ri beilleszked\u00e9si folyamat\u00e1t, megk\u00f6nny\u00edtve a haz\u00e1jukb\u00f3l Hollandi\u00e1ba val\u00f3 \u00e1tmenetet, mik\u00f6zben seg\u00edt nekik a holland polg\u00e1ri beilleszked\u00e9si k\u00f6vetelm\u00e9nyeknek val\u00f3 megfelel\u00e9sben an\u00e9lk\u00fcl, hogy a holland nyelvet el kellene saj\u00e1t\u00edtaniuk vagy besz\u00e9lni\u00fck kellene hollandul.<\/span><\/p>\n<h2><span style=\"font-weight: 400;\">8. Multikultur\u00e1lis k\u00f6rnyezet<\/span><\/h2>\n<p><span style=\"font-weight: 400;\">Hollandia a kult\u00far\u00e1k olvaszt\u00f3t\u00e9gelye, ami a befogad\u00f3 \u00e9s nyitott t\u00e1rsadalomr\u00f3l tan\u00faskodik. A multikultur\u00e1lis k\u00f6rnyezet Hollandi\u00e1ban a soksz\u00edn\u0171s\u00e9get elfogad\u00f3, befogad\u00f3 t\u00e1rsadalmat t\u00fckr\u00f6zi. A hollandok k\u00f6zvetlenek \u00e9s bar\u00e1ts\u00e1gosak, \u00e9s nagyra \u00e9rt\u00e9kelik a k\u00fclf\u00f6ldi munkav\u00e1llal\u00f3k \u00e1ltal hozott egyedi n\u00e9z\u0151pontokat \u00e9s tapasztalatokat.<\/span><\/p>\n<p><span style=\"font-weight: 400;\">A nemzetk\u00f6zi k\u00f6z\u00f6ss\u00e9gek \u00e9s expat-h\u00e1l\u00f3zatok jelenl\u00e9te tov\u00e1bb gazdag\u00edtja a multikultur\u00e1lis k\u00f6rnyezetet. Ezek a k\u00f6z\u00f6ss\u00e9gek platformot biztos\u00edtanak a k\u00fclf\u00f6ldi munkav\u00e1llal\u00f3k sz\u00e1m\u00e1ra a kapcsolatteremt\u00e9shez, a tapasztalatcser\u00e9hez \u00e9s a tart\u00f3s bar\u00e1ts\u00e1gok kialak\u00edt\u00e1s\u00e1hoz. A holland korm\u00e1ny akt\u00edvan hoz olyan t\u00f6rv\u00e9nyeket, amelyek mind az orsz\u00e1gban \u00e9l\u0151, mind a k\u00fclf\u00f6ldiek sz\u00e1m\u00e1ra el\u0151ny\u00f6sek, biztos\u00edtva az egyenl\u0151s\u00e9get \u00e9s a m\u00e9lt\u00e1nyoss\u00e1got.<\/span><\/p>\n<p><span style=\"font-weight: 400;\">Ez a multikultur\u00e1lis k\u00f6rnyezet el\u0151seg\u00edti a k\u00fclf\u00f6ldi munkav\u00e1llal\u00f3k k\u00f6r\u00e9ben az \u00f6sszetartoz\u00e1s \u00e9rz\u00e9s\u00e9t, \u00edgy otthon \u00e9rzik magukat Hollandi\u00e1ban.<\/span><\/p>\n<h2><span style=\"font-weight: 400;\">9. Hat\u00e9kony t\u00f6megk\u00f6zleked\u00e9s<\/span><\/h2>\n<p><picture><source srcset=\"https:\/\/robin.jobs\/hu\/wp-content\/webp-express\/webp-images\/doc-root\/wp-content\/uploads\/sites\/16\/2024\/09\/hatekony-tomegkozlekedes-hollandiaban.jpg.webp 720w, https:\/\/robin.jobs\/hu\/wp-content\/webp-express\/webp-images\/doc-root\/wp-content\/uploads\/sites\/16\/2024\/09\/hatekony-tomegkozlekedes-hollandiaban-300x192.jpg.webp 300w, https:\/\/robin.jobs\/hu\/wp-content\/webp-express\/webp-images\/doc-root\/wp-content\/uploads\/sites\/16\/2024\/09\/hatekony-tomegkozlekedes-hollandiaban-697x446.jpg.webp 697w\" sizes=\"(max-width: 720px) 100vw, 720px\" type=\"image\/webp\"><img decoding=\"async\" class=\"alignnone size-full wp-image-1218252 webpexpress-processed\" src=\"https:\/\/robin.jobs\/hu\/wp-content\/uploads\/sites\/16\/2024\/09\/hatekony-tomegkozlekedes-hollandiaban.jpg\" alt=\"Hatekony tomegkozlekedes Hollandiaban\" width=\"720\" height=\"461\" srcset=\"https:\/\/robin.jobs\/hu\/wp-content\/uploads\/sites\/16\/2024\/09\/hatekony-tomegkozlekedes-hollandiaban.jpg 720w, https:\/\/robin.jobs\/hu\/wp-content\/uploads\/sites\/16\/2024\/09\/hatekony-tomegkozlekedes-hollandiaban-300x192.jpg 300w, https:\/\/robin.jobs\/hu\/wp-content\/uploads\/sites\/16\/2024\/09\/hatekony-tomegkozlekedes-hollandiaban-697x446.jpg 697w\" sizes=\"(max-width: 720px) 100vw, 720px\"><\/picture><\/p>\n<p><span style=\"font-weight: 400;\">A hollandiai \u00e9let egyik el\u0151nye a hat\u00e9kony t\u00f6megk\u00f6zleked\u00e9si rendszer. Az orsz\u00e1g \u00e1tfog\u00f3 \u00e9s megb\u00edzhat\u00f3 t\u00f6megk\u00f6zleked\u00e9si rendszert biztos\u00edt, amely a k\u00f6vetkez\u0151ket foglalja mag\u00e1ban:<\/span><\/p>\n<ul>\n<li style=\"font-weight: 400;\" aria-level=\"1\"><span style=\"font-weight: 400;\">Vonatok<\/span><\/li>\n<li style=\"font-weight: 400;\" aria-level=\"1\"><span style=\"font-weight: 400;\">Buszok<\/span><\/li>\n<li style=\"font-weight: 400;\" aria-level=\"1\"><span style=\"font-weight: 400;\">villamosok<\/span><\/li>\n<li style=\"font-weight: 400;\" aria-level=\"1\"><span style=\"font-weight: 400;\">Metr\u00f3k<\/span><\/li>\n<li style=\"font-weight: 400;\" aria-level=\"1\"><span style=\"font-weight: 400;\">Kompok<\/span><\/li>\n<li style=\"font-weight: 400;\" aria-level=\"1\"><span style=\"font-weight: 400;\">Ker\u00e9kp\u00e1rok<\/span><\/li>\n<\/ul>\n<p><span style=\"font-weight: 400;\">Ez a kiterjedt t\u00f6megk\u00f6zleked\u00e9si h\u00e1l\u00f3zat megk\u00f6nny\u00edti az egyszer\u0171 ing\u00e1z\u00e1st a nagyobb v\u00e1rosokon bel\u00fcl \u00e9s az orsz\u00e1g k\u00fcl\u00f6nb\u00f6z\u0151 r\u00e9szein, \u00edgy az \u00e1llampolg\u00e1ri szolg\u00e1lati sz\u00e1mmal rendelkez\u0151 k\u00fclf\u00f6ldi munkav\u00e1llal\u00f3k sz\u00e1m\u00e1ra is k\u00e9nyelmess\u00e9 \u00e9s probl\u00e9mamentess\u00e9 teszi a napi utaz\u00e1st.<\/span><\/p>\n<p><span style=\"font-weight: 400;\">Hollandia r\u00e1ad\u00e1sul h\u00edres a ker\u00e9kp\u00e1ros kult\u00far\u00e1j\u00e1r\u00f3l. Az orsz\u00e1got sz\u00e1mos ker\u00e9kp\u00e1r\u00fat tark\u00edtja, ami a ker\u00e9kp\u00e1roz\u00e1st n\u00e9pszer\u0171 \u00e9s k\u00f6rnyezetbar\u00e1t k\u00f6zleked\u00e9si m\u00f3dd\u00e1 teszi. Legyen sz\u00f3 munk\u00e1ba j\u00e1r\u00e1sr\u00f3l vagy a fest\u0151i holland t\u00e1j felfedez\u00e9s\u00e9r\u0151l, a ker\u00e9kp\u00e1roz\u00e1s a holland \u00e9let szerves r\u00e9sze, amely hozz\u00e1j\u00e1rul az eg\u00e9szs\u00e9gesebb \u00e9s fenntarthat\u00f3bb \u00e9letm\u00f3dhoz.<\/span><\/p>\n<h2><span style=\"font-weight: 400;\">10. Biztons\u00e1gos \u00e9s tiszta v\u00e1rosok<\/span><\/h2>\n<p><span style=\"font-weight: 400;\">A biztons\u00e1g \u00e9s a tisztas\u00e1g k\u00e9t olyan kulcsfontoss\u00e1g\u00fa szempont, amelyek a holland v\u00e1rosokat k\u00edv\u00e1natos lak\u00f3- \u00e9s munkahelyekk\u00e9 teszik. Hollandia j\u00f3l karbantartott infrastrukt\u00far\u00e1j\u00e1r\u00f3l \u00e9s k\u00f6zter\u00fcleteir\u0151l ismert, ami hozz\u00e1j\u00e1rul a v\u00e1rosok tisztas\u00e1g\u00e1hoz \u00e9s eszt\u00e9tikai vonzerej\u00e9hez. Legyen sz\u00f3 Amszterdam ny\u00fczsg\u0151 v\u00e1ros\u00e1r\u00f3l vagy a Hollandia legeg\u00e9szs\u00e9gesebb v\u00e1rosak\u00e9nt elismert, b\u00e1jos Groningenr\u0151l, az orsz\u00e1g minden szeglet\u00e9b\u0151l sug\u00e1rzik a tisztas\u00e1g \u00e9s a rendezetts\u00e9g.<\/span><\/p>\n<p><span style=\"font-weight: 400;\">Hollandia r\u00e1ad\u00e1sul<\/span><b> alacsony b\u0171n\u00f6z\u00e9si r\u00e1t\u00e1val b\u00fcszk\u00e9lkedhet, <\/b><span style=\"font-weight: 400;\">ami garant\u00e1lja lakosai biztons\u00e1g\u00e1t. A holland korm\u00e1ny \u00e9s a helyi hat\u00f3s\u00e1gok elk\u00f6telezettek a biztons\u00e1g \u00e9s a k\u00f6zrend fenntart\u00e1sa mellett, \u00edgy az orsz\u00e1g biztons\u00e1gos mened\u00e9k a k\u00fclf\u00f6ldi munkav\u00e1llal\u00f3k sz\u00e1m\u00e1ra.<\/span><\/p>\n<p><span style=\"font-weight: 400;\">A j\u00f3l megtervezett v\u00e1rosi terek, a k\u00f6rnyezetv\u00e9delmi kezdem\u00e9nyez\u00e9sek \u00e9s a tisztas\u00e1gra helyezett hangs\u00faly hozz\u00e1j\u00e1rulnak a hollandiai \u00e9letmin\u0151s\u00e9g \u00e1ltal\u00e1nos javul\u00e1s\u00e1hoz, ami vonz\u00f3 c\u00e9lpontt\u00e1 teszi Hollandi\u00e1t a k\u00fclf\u00f6ldi munkav\u00e1llal\u00f3k sz\u00e1m\u00e1ra.<\/span><\/p>\n<h2><span style=\"font-weight: 400;\">11. Vezet\u0151 a fenntarthat\u00f3s\u00e1gban<\/span><\/h2>\n<p><picture><source srcset=\"https:\/\/robin.jobs\/hu\/wp-content\/webp-express\/webp-images\/doc-root\/wp-content\/uploads\/sites\/16\/2024\/09\/holland-fenntarthatosag.jpg.webp 720w, https:\/\/robin.jobs\/hu\/wp-content\/webp-express\/webp-images\/doc-root\/wp-content\/uploads\/sites\/16\/2024\/09\/holland-fenntarthatosag-300x192.jpg.webp 300w, https:\/\/robin.jobs\/hu\/wp-content\/webp-express\/webp-images\/doc-root\/wp-content\/uploads\/sites\/16\/2024\/09\/holland-fenntarthatosag-697x446.jpg.webp 697w\" sizes=\"(max-width: 720px) 100vw, 720px\" type=\"image\/webp\"><img loading=\"lazy\" decoding=\"async\" class=\"alignnone size-full wp-image-1218249 webpexpress-processed\" src=\"https:\/\/robin.jobs\/hu\/wp-content\/uploads\/sites\/16\/2024\/09\/holland-fenntarthatosag.jpg\" alt=\"Holland fenntarthatosag\" width=\"720\" height=\"461\" srcset=\"https:\/\/robin.jobs\/hu\/wp-content\/uploads\/sites\/16\/2024\/09\/holland-fenntarthatosag.jpg 720w, https:\/\/robin.jobs\/hu\/wp-content\/uploads\/sites\/16\/2024\/09\/holland-fenntarthatosag-300x192.jpg 300w, https:\/\/robin.jobs\/hu\/wp-content\/uploads\/sites\/16\/2024\/09\/holland-fenntarthatosag-697x446.jpg 697w\" sizes=\"(max-width: 720px) 100vw, 720px\"><\/picture><\/p>\n<p><span style=\"font-weight: 400;\">Hollandia \u00e9len j\u00e1r a fenntarthat\u00f3s\u00e1g ter\u00e9n, akt\u00edvan dolgozik a sz\u00e9n-dioxid-kibocs\u00e1t\u00e1s cs\u00f6kkent\u00e9s\u00e9n \u00e9s a k\u00f6rnyezet v\u00e9delm\u00e9n.<\/span><\/p>\n<p><b>A holland energiatermel\u00e9sben a meg\u00fajul\u00f3 energiaforr\u00e1sok, p\u00e9ld\u00e1ul a sz\u00e9l, a napenergia \u00e9s a biomassza \u00e1ll a k\u00f6z\u00e9ppontban. <\/b><span style=\"font-weight: 400;\">Azok az ikonikus holland sz\u00e9lmalmok modern sz\u00e9ler\u0151m\u0171vekk\u00e9 alakultak \u00e1t, amelyek jelent\u0151s mennyis\u00e9g\u0171 tiszta energi\u00e1t termelnek.<\/span><\/p>\n<p><span style=\"font-weight: 400;\">Ez az elk\u00f6telezetts\u00e9g a munkaer\u0151piacon is megmutatkozik. A Robin sz\u00e1mos \u00fcgyn\u00f6ks\u00e9ggel m\u0171k\u00f6dik egy\u00fctt, hogy<\/span><b> a napelemek telep\u00edt\u00e9se, az \u00fajrahasznos\u00edt\u00e1s \u00e9s a k\u00f6rnyezetbar\u00e1t h\u00e1z\u00e9p\u00edt\u00e9s ter\u00fclet\u00e9n toborozzon \u00e1ll\u00e1sokat.\u00a0<\/b><\/p>\n<p><span style=\"font-weight: 400;\">Az orsz\u00e1g v\u00e1rostervez\u00e9se t\u00fckr\u00f6zi k\u00f6rnyezetbar\u00e1t \u00e9rt\u00e9keit. Sz\u00e1mos holland v\u00e1rosban vir\u00e1gzik a z\u00f6ld \u00e9p\u00edt\u00e9szet, amely olyan funkci\u00f3kat foglal mag\u00e1ban, mint az \u00e9l\u0151 tet\u0151k, a z\u00f6ldter\u00fcletek \u00e9s a fenntarthat\u00f3 \u00e9p\u00edt\u0151anyagok.\u00a0<\/span><\/p>\n<p><span style=\"font-weight: 400;\">Az energi\u00e1n t\u00fal Hollandia a hullad\u00e9kcs\u00f6kkent\u00e9st \u00e9s az \u00fajrahasznos\u00edt\u00e1st is el\u0151t\u00e9rbe helyezi. Sz\u00e1mos holland v\u00e1ros b\u00fcszk\u00e9lkedhet fejlett hullad\u00e9ksz\u00e9tv\u00e1laszt\u00e1si \u00e9s \u00fajrahasznos\u00edt\u00e1si programokkal, \u00edgy a lakosok k\u00f6nnyed\u00e9n r\u00e9szt vehetnek a fenntarthat\u00f3 hullad\u00e9kgazd\u00e1lkod\u00e1si gyakorlatokban.<\/span><\/p>\n<p><span style=\"font-weight: 400;\">A holland korm\u00e1ny ambici\u00f3zus c\u00e9lk\u00e9nt t\u0171zte ki, hogy 2050-re sz\u00e9n-dioxid-semlegess\u00e9 v\u00e1ljon, \u00e9s k\u00fcl\u00f6nb\u00f6z\u0151 politik\u00e1k, \u00f6szt\u00f6nz\u0151k \u00e9s szab\u00e1lyoz\u00e1sok \u00f6szt\u00f6nzik a fenntarthat\u00f3 gyakorlatokat az ipar\u00e1gakban \u00e9s a k\u00f6z\u00f6ss\u00e9gekben.<\/span><\/p>\n<h2><span style=\"font-weight: 400;\">12. J\u00f3 eg\u00e9szs\u00e9gbiztos\u00edt\u00e1s \u00e9s holland eg\u00e9szs\u00e9g\u00fcgyi rendszer<\/span><\/h2>\n<p><span style=\"font-weight: 400;\">Hollandi\u00e1ban az eg\u00e9szs\u00e9g\u00fcgyi ell\u00e1t\u00e1s priorit\u00e1st \u00e9lvez, az orsz\u00e1gban k\u00f6telez\u0151 alapszint\u0171 eg\u00e9szs\u00e9gbiztos\u00edt\u00e1si rendszer m\u0171k\u00f6dik. Minden hollandiai lakosnak \u00e9s <\/span><b>munkav\u00e1llal\u00f3nak t\u00f6rv\u00e9nyileg k\u00f6telez\u0151 alapszint\u0171 eg\u00e9szs\u00e9gbiztos\u00edt\u00e1ssal rendelkeznie<\/b><span style=\"font-weight: 400;\">, ami biztos\u00edtja, hogy mindenki hozz\u00e1f\u00e9rjen a sz\u00fcks\u00e9ges orvosi ell\u00e1t\u00e1shoz \u00e9s szolg\u00e1ltat\u00e1sokhoz.<\/span><\/p>\n<p><span style=\"font-weight: 400;\">Az eg\u00e9szs\u00e9gbiztos\u00edt\u00e1s k\u00f6telez\u0151 jellege ellen\u00e9re a d\u00edjak kedvez\u0151 \u00e1r\u00faak, 2023-ban \u00e1tlagosan 1 661,40 eur\u00f3 \u00e9vente, ami k\u00f6r\u00fclbel\u00fcl havi 135 eur\u00f3nak felel meg.<\/span><\/p>\n<p><span style=\"font-weight: 400;\">A holland eg\u00e9szs\u00e9g\u00fcgyi rendszer, amely mag\u00e1ban foglalja a holland eg\u00e9szs\u00e9gbiztos\u00edt\u00e1st, sz\u00e1mos eg\u00e9szs\u00e9g\u00fcgyi szolg\u00e1ltat\u00e1st fedez, mint p\u00e9ld\u00e1ul:<\/span><\/p>\n<ul>\n<li style=\"font-weight: 400;\" aria-level=\"1\"><span style=\"font-weight: 400;\">Orvosi rendel\u00e9sek<\/span><\/li>\n<li style=\"font-weight: 400;\" aria-level=\"1\"><span style=\"font-weight: 400;\">K\u00f3rh\u00e1zi tart\u00f3zkod\u00e1s<\/span><\/li>\n<li style=\"font-weight: 400;\" aria-level=\"1\"><span style=\"font-weight: 400;\">M\u0171t\u00e9tek<\/span><\/li>\n<li style=\"font-weight: 400;\" aria-level=\"1\"><span style=\"font-weight: 400;\">S\u00fcrg\u0151ss\u00e9gi ell\u00e1t\u00e1s<\/span><\/li>\n<\/ul>\n<p><b>Van egy \u00f6nr\u00e9sz, az \u00fagynevezett &#8220;eigen risico&#8221;, amely \u00f6sszesen 385 EUR, amelyet a betegeknek az alapell\u00e1t\u00e1s\u00e9rt saj\u00e1t zsebb\u0151l kell kifizetni\u00fck, miel\u0151tt a biztos\u00edt\u00e1s fedezn\u00e9 a fennmarad\u00f3 k\u00f6lts\u00e9geket.<\/b><\/p>\n<p><span style=\"font-weight: 400;\">Ez az \u00e1tfog\u00f3 eg\u00e9szs\u00e9gbiztos\u00edt\u00e1si rendszer biztos\u00edtja, hogy a hollandiai lakosok \u00e9s munkav\u00e1llal\u00f3k magas sz\u00ednvonal\u00fa eg\u00e9szs\u00e9g\u00fcgyi szolg\u00e1ltat\u00e1sokhoz f\u00e9rjenek hozz\u00e1, hozz\u00e1j\u00e1rulva ezzel \u00e1ltal\u00e1nos j\u00f3l\u00e9t\u00fckh\u00f6z.<\/span><\/p>\n<h2><span style=\"font-weight: 400;\">13. Oktat\u00e1s minden koroszt\u00e1ly sz\u00e1m\u00e1ra \u00e9s nemzetk\u00f6zi iskol\u00e1k<\/span><\/h2>\n<p><picture><source srcset=\"https:\/\/robin.jobs\/hu\/wp-content\/webp-express\/webp-images\/doc-root\/wp-content\/uploads\/sites\/16\/2024\/09\/holland-oktatasi-rendszer.jpg.webp 720w, https:\/\/robin.jobs\/hu\/wp-content\/webp-express\/webp-images\/doc-root\/wp-content\/uploads\/sites\/16\/2024\/09\/holland-oktatasi-rendszer-300x192.jpg.webp 300w, https:\/\/robin.jobs\/hu\/wp-content\/webp-express\/webp-images\/doc-root\/wp-content\/uploads\/sites\/16\/2024\/09\/holland-oktatasi-rendszer-697x446.jpg.webp 697w\" sizes=\"(max-width: 720px) 100vw, 720px\" type=\"image\/webp\"><img loading=\"lazy\" decoding=\"async\" class=\"alignnone size-full wp-image-1218250 webpexpress-processed\" src=\"https:\/\/robin.jobs\/hu\/wp-content\/uploads\/sites\/16\/2024\/09\/holland-oktatasi-rendszer.jpg\" alt=\"Holland oktatasi rendszer\" width=\"720\" height=\"461\" srcset=\"https:\/\/robin.jobs\/hu\/wp-content\/uploads\/sites\/16\/2024\/09\/holland-oktatasi-rendszer.jpg 720w, https:\/\/robin.jobs\/hu\/wp-content\/uploads\/sites\/16\/2024\/09\/holland-oktatasi-rendszer-300x192.jpg 300w, https:\/\/robin.jobs\/hu\/wp-content\/uploads\/sites\/16\/2024\/09\/holland-oktatasi-rendszer-697x446.jpg 697w\" sizes=\"(max-width: 720px) 100vw, 720px\"><\/picture><\/p>\n<p><span style=\"font-weight: 400;\">A hollandok b\u00fcszk\u00e9k oktat\u00e1si rendszer\u00fckre, amely minden koroszt\u00e1ly sz\u00e1m\u00e1ra magas sz\u00ednvonal\u00fa tanul\u00e1si lehet\u0151s\u00e9geket k\u00edn\u00e1l. Hollandi\u00e1ban a gyermekeknek 5 \u00e9ves korukban kell megkezdeni\u00fck a k\u00f6telez\u0151 iskolai tanulm\u00e1nyaikat, de gyakori, hogy m\u00e1r 4 \u00e9ves korukban elkezdik az \u00e1ltal\u00e1nos iskolai tanulm\u00e1nyaikat.<\/span><\/p>\n<p><span style=\"font-weight: 400;\">A hollandiai oktat\u00e1si rendszert n\u00e9gy t\u00edpusba sorolj\u00e1k:<\/span><\/p>\n<ol>\n<li style=\"font-weight: 400;\" aria-level=\"1\"><span style=\"font-weight: 400;\">\u00c1llami<\/span><\/li>\n<li style=\"font-weight: 400;\" aria-level=\"1\"><span style=\"font-weight: 400;\">Vall\u00e1si<\/span><\/li>\n<li style=\"font-weight: 400;\" aria-level=\"1\"><span style=\"font-weight: 400;\">\u00c1ltal\u00e1nos-speci\u00e1lis (semleges)<\/span><\/li>\n<li style=\"font-weight: 400;\" aria-level=\"1\"><span style=\"font-weight: 400;\">Mag\u00e1n<\/span><\/li>\n<\/ol>\n<p><span style=\"font-weight: 400;\">Ezek a kateg\u00f3ri\u00e1k a tanul\u00f3k elt\u00e9r\u0151 ig\u00e9nyeinek megfelel\u0151 oktat\u00e1si form\u00e1k soksz\u00edn\u0171 v\u00e1laszt\u00e9k\u00e1t k\u00edn\u00e1lj\u00e1k.<\/span><\/p>\n<p><span style=\"font-weight: 400;\">A Hollandi\u00e1ban \u00e9l\u0151 k\u00fclf\u00f6ldi csal\u00e1doknak r\u00e1ad\u00e1sul lehet\u0151s\u00e9g\u00fck van arra, hogy gyermekeiket nemzetk\u00f6zi iskol\u00e1kba vagy holland helyi iskol\u00e1kba \u00edratj\u00e1k, bele\u00e9rtve a holland iskolarendszert is.<\/span><\/p>\n<p><span style=\"font-weight: 400;\">Az egyik ilyen lehet\u0151s\u00e9g a nemzetk\u00f6zi iskola, amely v\u00e1ltozatos \u00e9s glob\u00e1lis tananyagot k\u00edn\u00e1l.<\/span><\/p>\n<p><span style=\"font-weight: 400;\">A holland oktat\u00e1sban az oszt\u00e1lyoz\u00e1si rendszer a nagyon gyenge teljes\u00edtm\u00e9nyt jelz\u0151 1-t\u0151l a kiemelked\u0151 teljes\u00edtm\u00e9nyt jelz\u0151 10-ig terjed. Ez a magas szint\u0171 oktat\u00e1s er\u0151s alapot biztos\u00edt a gyermekek sz\u00e1m\u00e1ra, \u00e9s hozz\u00e1j\u00e1rul a hollandiai \u00e9let \u00e1ltal\u00e1nos min\u0151s\u00e9g\u00e9hez.<\/span><\/p>\n<h2><span style=\"font-weight: 400;\">14. Gazdag kultur\u00e1lis \u00f6r\u00f6ks\u00e9g<\/span><\/h2>\n<p><span style=\"font-weight: 400;\">Hollandia a kultur\u00e1lis \u00f6r\u00f6ks\u00e9g kincsesb\u00e1ny\u00e1ja, gazdag t\u00f6rt\u00e9nelme \u00e9s pezsg\u0151 m\u0171v\u00e9szeti sz\u00edntere a helyieket \u00e9s a k\u00fclf\u00f6ldieket egyar\u00e1nt leny\u0171g\u00f6zi. A Van Gogh M\u00fazeumt\u00f3l \u00e9s az Anne Frank-h\u00e1zt\u00f3l a Rijksmuseumig ezek a kultur\u00e1lis l\u00e1tnival\u00f3k nemcsak a holland \u00f6r\u00f6ks\u00e9g, hanem minden Hollandi\u00e1ban \u00e9l\u0151 k\u00fclf\u00f6ldi sz\u00e1m\u00e1ra is jelent\u0151sek.<\/span><\/p>\n<p><span style=\"font-weight: 400;\">A kultur\u00e1lis \u00e9lm\u00e9ny Hollandi\u00e1ban nem csak a m\u00fazeumokra korl\u00e1toz\u00f3dik. Az orsz\u00e1g sz\u00e1mos olyan kulcsfontoss\u00e1g\u00fa<\/span><span style=\"font-weight: 400;\"> esem\u00e9nyt \u00fcnnepel<\/span><span style=\"font-weight: 400;\">, amelyek bepillant\u00e1st engednek a holland \u00e9letm\u00f3dba. Az olyan <a href=\"https:\/\/robin.jobs\/hu\/kulfoldon-dolgozni\/holland-unnepnapok\">\u00e1llami \u00fcnnepek<\/a> \u00e9s esem\u00e9nyek, mint a kir\u00e1ly napja, a karnev\u00e1l \u00e9s a Sinterklaas nem csup\u00e1n \u00fcnnepek, hanem alkalmak arra, hogy a k\u00fclf\u00f6ldiek elmer\u00fcljenek a helyi kult\u00far\u00e1ban \u00e9s t\u00e1rsadalmi \u00e9letben.<\/span><\/p>\n<p><span style=\"font-weight: 400;\">A hollandiai \u00e9jszakai \u00e9let \u00e9l\u00e9nk \u00e9s v\u00e1ltozatos, k\u00fcl\u00f6nb\u00f6z\u0151 sz\u00f3rakoz\u00e1si lehet\u0151s\u00e9geket k\u00edn\u00e1l. A holland \u00e9jszakai \u00e9let felfedez\u00e9s\u00e9t\u0151l kezdve a gazdag kultur\u00e1lis \u00f6r\u00f6ks\u00e9g \u00e9lvezet\u00e9ig mindig van valami, amibe belev\u00e1ghatsz.<\/span><\/p>\n<h2><span style=\"font-weight: 400;\">15. Eur\u00f3pa felfedez\u00e9se Hollandi\u00e1b\u00f3l<\/span><\/h2>\n<p><b>A Hollandi\u00e1ban \u00e9l\u00e9s t\u00f6k\u00e9letes lehet\u0151s\u00e9get k\u00edn\u00e1l m\u00e1s eur\u00f3pai \u00fati c\u00e9lok felfedez\u00e9s\u00e9re. <\/b><span style=\"font-weight: 400;\">Az orsz\u00e1g strat\u00e9giai elhelyezked\u00e9se \u00e9s a j\u00f3l ki\u00e9p\u00edtett t\u00f6megk\u00f6zleked\u00e9si rendszer megk\u00f6nny\u00edti az utaz\u00e1st Eur\u00f3pa k\u00fcl\u00f6nb\u00f6z\u0151 r\u00e9szeire. A k\u00f6zeli eur\u00f3pai \u00fati c\u00e9lok, p\u00e9ld\u00e1ul Belgium, N\u00e9metorsz\u00e1g \u00e9s Franciaorsz\u00e1g k\u00e9nyelmesen el\u00e9rhet\u0151k Hollandi\u00e1b\u00f3l nagysebess\u00e9g\u0171 vonatokkal, buszokkal \u00e9s olcs\u00f3 l\u00e9git\u00e1rsas\u00e1gokkal.<\/span><\/p>\n<p><span style=\"font-weight: 400;\">Ez a k\u00f6nny\u0171 utaz\u00e1s nemcsak a hollandiai \u00e9let \u00e9lm\u00e9ny\u00e9t gazdag\u00edtja, hanem a kultur\u00e1lis felfedez\u00e9sek \u00e9s kalandok vil\u00e1g\u00e1t is megnyitja. Legyen sz\u00f3 ak\u00e1r egy gyors h\u00e9tv\u00e9gi kiruccan\u00e1sr\u00f3l a romantikus P\u00e1rizsba, ak\u00e1r egy kultur\u00e1lis kir\u00e1ndul\u00e1sr\u00f3l Berlinben, Eur\u00f3pa felfedez\u00e9se csak egy vonat\u00fat vagy egy r\u00f6vid rep\u00fcl\u0151\u00fat alatt el\u00e9rhet\u0151, ha Hollandi\u00e1ban tart\u00f3zkodsz.<\/span><\/p>\n<h2><span style=\"font-weight: 400;\">16. \u00c9tel kalandok \u00e9s holland konyha<\/span><\/h2>\n<p><span style=\"font-weight: 400;\">Hollandia olyan soksz\u00edn\u0171 \u00e9s gazdag\u00edt\u00f3 kulin\u00e1ris utaz\u00e1st k\u00edn\u00e1l, mint a kultur\u00e1lis \u00f6r\u00f6ks\u00e9g. A hagyom\u00e1nyos holland konyha kiad\u00f3s \u00e9s tartalmas, igazodva az orsz\u00e1g hideg \u00e9ghajlat\u00e1hoz. Az olyan klasszikus \u00e9telek, mint a bors\u00f3leves, a stamppot \u00e9s a nagy palacsinta j\u00f3l p\u00e9ld\u00e1zz\u00e1k a hollandok szeretet\u00e9t a k\u00e9nyelmi \u00e9telek ir\u00e1nt.<\/span><\/p>\n<p><span style=\"font-weight: 400;\">A holland \u00e9tkez\u00e9si kult\u00fara igazi \u00edzel\u00edt\u0151j\u00e9hez a k\u00fclf\u00f6ldiek a k\u00fcl\u00f6nb\u00f6z\u0151 helyi piacokon \u00e9s \u00e9ttermekben olyan hagyom\u00e1nyos \u00e9teleket k\u00f3stolhatnak meg, mint a hering, a stroopwafels \u00e9s a poffertjes.<\/span><\/p>\n<p><span style=\"font-weight: 400;\">Az \u00e9telek jelent\u0151s szerepet j\u00e1tszanak a holland kult\u00far\u00e1ban \u00e9s t\u00e1rsadalmi \u00e9letben, \u00f6sszehozz\u00e1k az embereket \u00e9s el\u0151seg\u00edtik a k\u00f6z\u00f6ss\u00e9gi \u00e9rz\u00e9st.<\/span><\/p>\n<p><span style=\"font-weight: 400;\">Legyen sz\u00f3 ak\u00e1r egy k\u00f6z\u00f6s \u00e9tkez\u00e9sr\u0151l, ak\u00e1r egy hangulatos d\u00e9lut\u00e1nr\u00f3l egy helyi k\u00e1v\u00e9z\u00f3ban, az \u00e9tel a holland t\u00e1rsadalmi \u00e9let k\u00f6z\u00e9ppontj\u00e1ban \u00e1ll. Ezek a gasztron\u00f3miai kalandok tov\u00e1bb gazdag\u00edtj\u00e1k a hollandiai \u00e9let \u00e9lm\u00e9ny\u00e9t, \u00e9s \u00edzel\u00edt\u0151t ny\u00fajtanak a holland kult\u00far\u00e1b\u00f3l \u00e9s hagyom\u00e1nyokb\u00f3l.<\/span><\/p>\n<h2><span style=\"font-weight: 400;\">Tedd meg az els\u0151 l\u00e9p\u00e9st a hollandiai \u00e9let fel\u00e9!<\/span><\/h2>\n<p><span style=\"font-weight: 400;\">Ahogy v\u00e9gignavig\u00e1lunk a holland \u00e9let mag\u00e1val ragad\u00f3 \u00fatj\u00e1n, nyilv\u00e1nval\u00f3v\u00e1 v\u00e1lik, hogy Hollandia mi\u00e9rt n\u00e9pszer\u0171 c\u00e9lpont a k\u00fclf\u00f6ldi munkav\u00e1llal\u00f3k sz\u00e1m\u00e1ra. Ha Hollandi\u00e1ban szeretne \u00e9lni \u00e9s dolgozni, toborz\u00f3ink seg\u00edthetnek ebben.<\/span><\/p>\n<p><span style=\"font-weight: 400;\">T\u00f6bb mint 40 000 sikeres k\u00fclf\u00f6ldi munkak\u00f6zvet\u00edt\u00e9ssel seg\u00edt\u00fcnk a Hollandi\u00e1ban karrier\u00e9p\u00edt\u00e9st \u00e9s munkalehet\u0151s\u00e9get keres\u0151 k\u00fclf\u00f6ldieknek.\u00a0<\/span><\/p>\n<p><span style=\"font-weight: 400;\">T\u00f6bb mint 35 megb\u00edzhat\u00f3 hollandiai munkak\u00f6zvet\u00edt\u0151 \u00fcgyn\u00f6ks\u00e9ggel dolgozunk egy\u00fctt, \u00edgy garant\u00e1ljuk a tisztess\u00e9ges \u00e9s j\u00f3l fizetett <\/span><a href=\"https:\/\/robin.jobs\/hu\/szabad-allasok-kulfoldon\"><span style=\"font-weight: 400;\">k\u00fclf\u00f6ldi munkalehet\u0151s\u00e9geket<\/span><\/a><span style=\"font-weight: 400;\"> az uni\u00f3s \u00fatlev\u00e9llel rendelkez\u0151 munk\u00e1sjel\u00f6ltek sz\u00e1m\u00e1ra.<\/span><\/p>\n<p><span style=\"font-weight: 400;\">Munkaer\u0151-k\u00f6zvet\u00edt\u0151ink seg\u00edtenek a teljes folyamatban, a t\u00f6k\u00e9letes munkalehet\u0151s\u00e9g megtal\u00e1l\u00e1s\u00e1t\u00f3l az \u00faj munkak\u00f6rbe val\u00f3 beilleszked\u00e9sig. Robinnal nem csak munk\u00e1t kapsz, hanem z\u00f6kken\u0151mentes \u00e1tmenetet is az \u00faj hollandiai \u00e9letedbe.<\/span><\/p>\n<p><span style=\"font-weight: 400;\">K\u00e9szen \u00e1llsz teh\u00e1t arra, hogy magad\u00e9v\u00e1 tedd a holland \u00e9letm\u00f3dot?<\/span><\/p>\n<p><span style=\"font-weight: 400;\"><a href=\"https:\/\/robin.jobs\/hu\/\">Hozd l\u00e9tre a profilodat a weboldalunkon<\/a>, a t\u00f6bbit pedig b\u00edzd r\u00e1nk!<\/span><\/p>\n<h2><span style=\"font-weight: 400;\">Gyakran ism\u00e9telt k\u00e9rd\u00e9sek<\/span><\/h2>\n<h3><span style=\"font-weight: 400;\">Mennyi az \u00e1tlagos \u00e9ves fizet\u00e9s Hollandi\u00e1ban?<\/span><\/h3>\n<p><span style=\"font-weight: 400;\">Hollandia v\u00e1ros\u00e1ban az \u00e1tlagos \u00e9ves b\u00e9r \u00e9ves szinten 34 260 \u20ac, azaz havi 2855 \u20ac, 2023-as adatok alapj\u00e1n. A hollandiai \u00e1ltal\u00e1nosan magas b\u00e9rek ellens\u00falyozz\u00e1k a magas j\u00f6vedelemad\u00f3-kulcsokat, \u00edgy azok v\u00e9gs\u0151 soron kezelhet\u0151ek.<\/span><\/p>\n<h3><span style=\"font-weight: 400;\">Milyen az angol nyelvtud\u00e1s Hollandi\u00e1ban?<\/span><\/h3>\n<p><span style=\"font-weight: 400;\">Hollandi\u00e1ban magas az angol nyelvtud\u00e1s, a lakoss\u00e1g k\u00f6zel 95%-a besz\u00e9l angolul, ami vonz\u00f3v\u00e1 teszi az orsz\u00e1got a nemzetk\u00f6zi \u00e1ll\u00e1skeres\u0151k sz\u00e1m\u00e1ra.<\/span><\/p>\n<h3><span style=\"font-weight: 400;\">Milyen a munka \u00e9s a mag\u00e1n\u00e9let egyens\u00falya Hollandi\u00e1ban?<\/span><\/h3>\n<p><span style=\"font-weight: 400;\">A munka \u00e9s a mag\u00e1n\u00e9let egyens\u00falya Hollandi\u00e1ban 38 orsz\u00e1g k\u00f6z\u00fcl a harmadik helyen \u00e1ll, \u00e9s a munkav\u00e1llal\u00f3k nagyon alacsony ar\u00e1nya dolgozik hossz\u00fa \u00f3r\u00e1kat. Ez azt jelzi, hogy a munkav\u00e1llal\u00f3k sz\u00e1m\u00e1ra kedvez\u0151 a munka \u00e9s a mag\u00e1n\u00e9let k\u00f6z\u00f6tti egyens\u00faly.<\/span><\/p>\n<h3><span style=\"font-weight: 400;\">Hogyan n\u00f6velhetem a keresetemet Hollandi\u00e1ban?<\/span><\/h3>\n<p><span style=\"font-weight: 400;\">Ha n\u00f6velni szeretn\u00e9d a keresetedet Hollandi\u00e1ban, fontold meg a v\u00e1ltott m\u0171szakos munka v\u00e1laszt\u00e1s\u00e1t, haszn\u00e1ld ki a t\u00fal\u00f3r\u00e1z\u00e1si lehet\u0151s\u00e9geket, \u00e9s gyarap\u00edtsd a tapasztalatodat \u00e9s a szaktud\u00e1sodat. Ezek a l\u00e9p\u00e9sek seg\u00edthetnek abban, hogy jelent\u0151sen n\u00f6veld a j\u00f6vedelmedet.<\/span><\/p>\n<h3><span style=\"font-weight: 400;\">Ingyenesek a Robin szolg\u00e1ltat\u00e1sai?<\/span><\/h3>\n<p><span style=\"font-weight: 400;\">Igen, az \u00e1ll\u00e1skeres\u0151knek ny\u00fajtott valamennyi szolg\u00e1ltat\u00e1sunk teljesen ingyenes! Ha Hollandi\u00e1ban szeretn\u00e9l dolgozni \u00e9s \u00e9lni, regisztr\u00e1lj weboldalunkon, \u00e9s hagyd, hogy seg\u00edts\u00fcnk megtal\u00e1lni az ide\u00e1lis holland munkalehet\u0151s\u00e9get.<\/span><\/p>\n<h3><span style=\"font-weight: 400;\">Hollandi\u00e1ban j\u00f3 \u00e9lni?<\/span><\/h3>\n<p><span style=\"font-weight: 400;\">Hollandi\u00e1t sz\u00e9les k\u00f6rben nagyszer\u0171 helynek tartj\u00e1k a magas \u00e9letsz\u00ednvonal, a kiv\u00e1l\u00f3 eg\u00e9szs\u00e9g\u00fcgyi rendszer \u00e9s a munka \u00e9s a mag\u00e1n\u00e9let egyens\u00faly\u00e1nak nagy hangs\u00falyoz\u00e1sa miatt. Az orsz\u00e1g hat\u00e9kony t\u00f6megk\u00f6zleked\u00e9se, biztons\u00e1ga \u00e9s pezsg\u0151 kultur\u00e1lis \u00e9lete szint\u00e9n hozz\u00e1j\u00e1rul ahhoz, hogy a vil\u00e1g minden t\u00e1j\u00e1r\u00f3l \u00e9rkez\u0151 emberek sz\u00e1m\u00e1ra vonz\u00f3 lak\u00f3helyk\u00e9nt szolg\u00e1ljon.<\/span><\/p>\n<h3><span style=\"font-weight: 400;\">Mennyi p\u00e9nzre van sz\u00fcks\u00e9ged ahhoz, hogy k\u00e9nyelmesen \u00e9lj Hollandi\u00e1ban?<\/span><\/h3>\n<p><span style=\"font-weight: 400;\">A becsl\u00e9sek szerint egy egyed\u00fcl\u00e1ll\u00f3 szem\u00e9lynek havi 2000 \u00e9s 2500 eur\u00f3 k\u00f6z\u00f6tti \u00f6sszegre van sz\u00fcks\u00e9ged ahhoz, hogy k\u00e9nyelmesen \u00e9lj Hollandi\u00e1ban, m\u00edg egy n\u00e9gytag\u00fa csal\u00e1dnak val\u00f3sz\u00edn\u0171leg havi 4500 \u00e9s 5000 eur\u00f3 k\u00f6z\u00f6tti \u00f6sszegre van sz\u00fcks\u00e9ge. Ezek a sz\u00e1mok figyelembe veszik a lakhat\u00e1st, az \u00e9lelmiszereket, a k\u00f6zleked\u00e9st, az eg\u00e9szs\u00e9g\u00fcgyi ell\u00e1t\u00e1st \u00e9s a szabadid\u0151s tev\u00e9kenys\u00e9geket, de \u00e9letm\u00f3dt\u00f3l \u00e9s az orsz\u00e1gon bel\u00fcli elhelyezked\u00e9st\u0151l f\u00fcgg\u0151en v\u00e1ltozhatnak.<\/span><\/p>\n<h3><span style=\"font-weight: 400;\">\u00c9lhetnek-e k\u00fclf\u00f6ldiek Hollandi\u00e1ban?<\/span><\/h3>\n<p><span style=\"font-weight: 400;\">Igen, k\u00fclf\u00f6ldiek \u00e9lhetnek Hollandi\u00e1ban. Az orsz\u00e1g a k\u00fclf\u00f6ldiekkel szembeni vend\u00e9gszeret\u0151 hozz\u00e1\u00e1ll\u00e1s\u00e1r\u00f3l ismert, \u00e9s jelent\u0151s nemzetk\u00f6zi k\u00f6z\u00f6ss\u00e9ggel rendelkezik. A Hollandi\u00e1ban tart\u00f3zkodni k\u00edv\u00e1n\u00f3 k\u00fclf\u00f6ldieknek meg kell felelni\u00fck a bev\u00e1ndorl\u00e1si szab\u00e1lyoknak, ami \u00e1llampolg\u00e1rs\u00e1gukt\u00f3l \u00e9s tart\u00f3zkod\u00e1suk c\u00e9lj\u00e1t\u00f3l f\u00fcgg\u0151en mag\u00e1ban foglalhatja a tart\u00f3zkod\u00e1si enged\u00e9ly vagy v\u00edzum megszerz\u00e9s\u00e9t.<\/span><\/p>\n<h3><span style=\"font-weight: 400;\">Milyen az \u00e9letmin\u0151s\u00e9g Hollandi\u00e1ban?<\/span><\/h3>\n<p><span style=\"font-weight: 400;\">A hollandiai \u00e9letmin\u0151s\u00e9get a vil\u00e1gon az egyik legmagasabbnak tartj\u00e1k. A lakosok \u00e1tfog\u00f3 eg\u00e9szs\u00e9g\u00fcgyi ell\u00e1t\u00f3rendszert, magas szint\u0171 oktat\u00e1st, tiszta \u00e9s biztons\u00e1gos k\u00f6rnyezetet, valamint kultur\u00e1lis \u00e9s szabadid\u0151s tev\u00e9kenys\u00e9gek sokas\u00e1g\u00e1t \u00e9lvezhetik. A hollandok nagyra \u00e9rt\u00e9kelik a t\u00e1rsadalmi egyenl\u0151s\u00e9get is, ami progressz\u00edv szoci\u00e1lpolitik\u00e1jukban \u00e9s az \u00f6sszess\u00e9g\u00e9ben boldog \u00e9s eg\u00e9szs\u00e9ges lakoss\u00e1gban t\u00fckr\u00f6z\u0151dik.<\/span><\/p>\n<h3><span style=\"font-weight: 400;\">Bar\u00e1ts\u00e1gosak a hollandok?<\/span><\/h3>\n<p><span style=\"font-weight: 400;\">A hollandok \u00e1ltal\u00e1ban bar\u00e1ts\u00e1gosak \u00e9s vend\u00e9gszeret\u0151ek, ami a k\u00fclf\u00f6ldiek sz\u00e1m\u00e1ra is kellemess\u00e9 teszi a hollandiai \u00e9letet. Ha Hollandi\u00e1ban \u00e9lsz k\u00fclf\u00f6ldik\u00e9nt, gyakran tapasztalhatod, hogy a helyiek foly\u00e9konyan besz\u00e9lnek angolul, \u00e9s nyitottak arra, hogy seg\u00edtsenek neked beilleszkedni a k\u00f6z\u00f6ss\u00e9gbe.<\/span><\/p>\n<h3><span style=\"font-weight: 400;\">Mire sz\u00e1m\u00edthatok a hollandiai expat \u00e9let els\u0151 napjaiban?<\/span><\/h3>\n<p><span style=\"font-weight: 400;\">A hollandiai \u00e9let els\u0151 napjai k\u00fclf\u00f6ldik\u00e9nt a beilleszked\u00e9sr\u0151l \u00e9s az \u00faj orsz\u00e1gban bet\u00f6lt\u00f6tt szerepr\u0151l fognak sz\u00f3lni, ha munka miatt k\u00f6lt\u00f6z\u00f6tt oda. Meg\u00e9rkez\u00e9se ut\u00e1n regisztr\u00e1ltatnod kell magad a helyi hat\u00f3s\u00e1gokn\u00e1l, \u00e9s meg kell szerezned egy BSN-t (\u00e1llampolg\u00e1ri szolg\u00e1ltat\u00e1si sz\u00e1m), hogy hozz\u00e1f\u00e9rhess a k\u00fcl\u00f6nb\u00f6z\u0151 hivatalos szolg\u00e1ltat\u00e1sokhoz Hollandi\u00e1ban. A k\u00f6vetkez\u0151 l\u00e9p\u00e9s egy banksz\u00e1mla nyit\u00e1sa lenne, hogy p\u00e9nz\u00fcgyi tranzakci\u00f3kat tudj v\u00e9grehajtani \u00e9s fizet\u00e9st kaphass.<\/span><\/p>\n","protected":false},"excerpt":{"rendered":"<p>Mit jelent sz\u00e1modra Hollandi\u00e1ban \u00e9lni? A magas \u00e9letmin\u0151s\u00e9gt\u0151l \u00e9s a k\u00fcl\u00f6nb\u00f6z\u0151 munkalehet\u0151s\u00e9gekt\u0151l kezdve az angol nyelv k\u00f6nny\u0171 besz\u00e9lhet\u0151s\u00e9g\u00e9n \u00e1t a gazdag kultur\u00e1lis k\u00edn\u00e1latig ez a cikk vil\u00e1gos \u00e1ttekint\u00e9st ny\u00fajt mindenkinek, aki a k\u00f6lt\u00f6z\u00e9st fontolgatja. Ismerd meg a legfontosabb tudnival\u00f3kat \u00e9s azt, hogy mi k\u00fcl\u00f6nb\u00f6zteti meg igaz\u00e1n a holland \u00e9letet, \u00edzel\u00edt\u0151t ny\u00fajtva egy olyan t\u00e1rsadalomr\u00f3l, ahol&#8230;<\/p>\n","protected":false},"author":13,"featured_media":1218248,"comment_status":"open","ping_status":"open","sticky":false,"template":"","format":"standard","meta":{"_acf_changed":false,"inline_featured_image":false,"footnotes":""},"categories":[1117,1115,1116],"tags":[],"class_list":["post-1218247","post","type-post","status-publish","format-standard","has-post-thumbnail","hentry","category-elet","category-kultura","category-munka","work-category-kulfoldon-dolgozni"],"acf":[],"_links":{"self":[{"href":"https:\/\/robin.jobs\/hu\/wp-json\/wp\/v2\/posts\/1218247","targetHints":{"allow":["GET"]}}],"collection":[{"href":"https:\/\/robin.jobs\/hu\/wp-json\/wp\/v2\/posts"}],"about":[{"href":"https:\/\/robin.jobs\/hu\/wp-json\/wp\/v2\/types\/post"}],"author":[{"embeddable":true,"href":"https:\/\/robin.jobs\/hu\/wp-json\/wp\/v2\/users\/13"}],"replies":[{"embeddable":true,"href":"https:\/\/robin.jobs\/hu\/wp-json\/wp\/v2\/comments?post=1218247"}],"version-history":[{"count":3,"href":"https:\/\/robin.jobs\/hu\/wp-json\/wp\/v2\/posts\/1218247\/revisions"}],"predecessor-version":[{"id":1218281,"href":"https:\/\/robin.jobs\/hu\/wp-json\/wp\/v2\/posts\/1218247\/revisions\/1218281"}],"wp:featuredmedia":[{"embeddable":true,"href":"https:\/\/robin.jobs\/hu\/wp-json\/wp\/v2\/media\/1218248"}],"wp:attachment":[{"href":"https:\/\/robin.jobs\/hu\/wp-json\/wp\/v2\/media?parent=1218247"}],"wp:term":[{"taxonomy":"category","embeddable":true,"href":"https:\/\/robin.jobs\/hu\/wp-json\/wp\/v2\/categories?post=1218247"},{"taxonomy":"post_tag","embeddable":true,"href":"https:\/\/robin.jobs\/hu\/wp-json\/wp\/v2\/tags?post=1218247"}],"curies":[{"name":"wp","href":"https:\/\/api.w.org\/{rel}","templated":true}]}}