{"id":1261006,"date":"2026-05-01T08:01:43","date_gmt":"2026-05-01T06:01:43","guid":{"rendered":"https:\/\/robin.jobs\/cz\/?p=1261006"},"modified":"2026-05-01T08:01:43","modified_gmt":"2026-05-01T06:01:43","slug":"zivot-v-belgii","status":"publish","type":"post","link":"https:\/\/robin.jobs\/cz\/prace-v-belgii\/zivot-v-belgii","title":{"rendered":"\u017divot v Belgii: V\u00e1\u0161 pr\u016fvodce spokojen\u00fdm \u017eit\u00edm"},"content":{"rendered":"<p><span style=\"font-weight: 400;\">Sn\u00edte o nov\u00e9 kapitole v zahrani\u010d\u00ed a prozkoum\u00e1v\u00e1n\u00ed vzru\u0161uj\u00edc\u00edch zem\u00ed, kter\u00e9 Evropa nab\u00edz\u00ed? \u017divot v Belgii v\u00e1m m\u016f\u017ee poskytnout jedine\u010dnou kombinaci rozmanit\u00e9 kultury, bohat\u00e9 historie a vysok\u00e9 kvality \u017eivota. P\u0159esto\u017ee je tato zem\u011b \u010dasto ve st\u00ednu sv\u00fdch v\u011bt\u0161\u00edch soused\u016f, m\u016f\u017ee b\u00fdt tato mal\u00e1, ale vysoce rozvinut\u00e1 a v\u00fdznamn\u00e1 zem\u011b l\u00e1kavou destinac\u00ed pro expaty i manu\u00e1ln\u00ed pracovn\u00edky p\u0159ipraven\u00e9 na nov\u00e9 dobrodru\u017estv\u00ed.<\/span><\/p>\n<p><span style=\"font-weight: 400;\">Pokud hled\u00e1te vyv\u00e1\u017eenou a napl\u0148uj\u00edc\u00ed existenci s dostatkem pracovn\u00edch p\u0159\u00edle\u017eitost\u00ed, Belgie nab\u00edz\u00ed \u017eivot, kter\u00fd je slibn\u00fd, pohodln\u00fd i podmaniv\u00fd, a to d\u00edky sv\u00fdm pulzuj\u00edc\u00edm m\u011bst\u016fm i malebn\u00e9mu venkovu.<\/span><\/p>\n<h2>Belgick\u00fd zp\u016fsob \u017eivota<\/h2>\n<p><span style=\"font-weight: 400;\">Jak\u00e9 to je \u017e\u00edt v Belgii? Tato zem\u011b je fascinuj\u00edc\u00edm m\u00edstem s kulturou protkanou t\u0159emi ofici\u00e1ln\u00edmi jazyky \u2013 francouz\u0161tinou, nizozem\u0161tinou a n\u011bm\u010dinou \u2013 co\u017e odr\u00e1\u017e\u00ed jej\u00ed jedine\u010dnou polohu na k\u0159i\u017eovatce Evropy. Tato jazykov\u00e1 rozmanitost p\u0159isp\u00edv\u00e1 k bohat\u00e9mu multikulturalismu a vytv\u00e1\u0159\u00ed vst\u0159\u00edcn\u00e9 a otev\u0159en\u00e9 prost\u0159ed\u00ed. Belgi\u010dan\u00e9 jsou zn\u00e1m\u00ed sv\u00fdm pragmatick\u00fdm p\u0159\u00edstupem k \u017eivotu, l\u00e1skou k dobr\u00e9mu j\u00eddlu (zdrav\u00edme vafle, \u010dokol\u00e1du a pivo!) a siln\u00fdm smyslem pro komunitu. Koncept \u201egezelligheid\u201c (nizozemsky) nebo \u201econvivialit\u00e9\u201c (francouzsky), co\u017e je pocit \u00fatulnosti a soun\u00e1le\u017eitosti, dokonale vystihuje zdej\u0161\u00ed spole\u010denskou strukturu.<\/span><\/p>\n<p><picture><source srcset=\"https:\/\/robin.jobs\/cz\/wp-content\/webp-express\/webp-images\/doc-root\/wp-content\/uploads\/sites\/23\/2026\/05\/atomium-v-bruselu-1024x683.jpg.webp 1024w, https:\/\/robin.jobs\/cz\/wp-content\/webp-express\/webp-images\/doc-root\/wp-content\/uploads\/sites\/23\/2026\/05\/atomium-v-bruselu-300x200.jpg.webp 300w, https:\/\/robin.jobs\/cz\/wp-content\/webp-express\/webp-images\/doc-root\/wp-content\/uploads\/sites\/23\/2026\/05\/atomium-v-bruselu-768x512.jpg.webp 768w, https:\/\/robin.jobs\/cz\/wp-content\/webp-express\/webp-images\/doc-root\/wp-content\/uploads\/sites\/23\/2026\/05\/atomium-v-bruselu-1536x1024.jpg.webp 1536w, https:\/\/robin.jobs\/cz\/wp-content\/webp-express\/webp-images\/doc-root\/wp-content\/uploads\/sites\/23\/2026\/05\/atomium-v-bruselu-669x446.jpg.webp 669w, https:\/\/robin.jobs\/cz\/wp-content\/webp-express\/webp-images\/doc-root\/wp-content\/uploads\/sites\/23\/2026\/05\/atomium-v-bruselu.jpg.webp 1920w\" sizes=\"(max-width: 1024px) 100vw, 1024px\" type=\"image\/webp\"><img fetchpriority=\"high\" decoding=\"async\" class=\"alignnone size-large wp-image-1261010 webpexpress-processed\" src=\"https:\/\/robin.jobs\/cz\/wp-content\/uploads\/sites\/23\/2026\/05\/atomium-v-bruselu-1024x683.jpg\" alt=\"Atomium V Bruselu\" width=\"1024\" height=\"683\" srcset=\"https:\/\/robin.jobs\/cz\/wp-content\/uploads\/sites\/23\/2026\/05\/atomium-v-bruselu-1024x683.jpg 1024w, https:\/\/robin.jobs\/cz\/wp-content\/uploads\/sites\/23\/2026\/05\/atomium-v-bruselu-300x200.jpg 300w, https:\/\/robin.jobs\/cz\/wp-content\/uploads\/sites\/23\/2026\/05\/atomium-v-bruselu-768x512.jpg 768w, https:\/\/robin.jobs\/cz\/wp-content\/uploads\/sites\/23\/2026\/05\/atomium-v-bruselu-1536x1024.jpg 1536w, https:\/\/robin.jobs\/cz\/wp-content\/uploads\/sites\/23\/2026\/05\/atomium-v-bruselu-669x446.jpg 669w, https:\/\/robin.jobs\/cz\/wp-content\/uploads\/sites\/23\/2026\/05\/atomium-v-bruselu.jpg 1920w\" sizes=\"(max-width: 1024px) 100vw, 1024px\"><\/picture><\/p>\n<p><span style=\"font-weight: 400;\">Zdroj: Pexels<\/span><\/p>\n<p><span style=\"font-weight: 400;\">I kdy\u017e po\u010das\u00ed m\u016f\u017ee b\u00fdt trochu n\u00e1ladov\u00e9, se sv\u00fdm pod\u00edlem zamra\u010den\u00fdch dn\u016f a de\u0161t\u011b, Belgi\u010dan\u00e9 mistrn\u011b ovl\u00e1daj\u00ed um\u011bn\u00ed u\u017e\u00edvat si \u017eivota bez ohledu na n\u011bj. P\u0159edstavte si \u00fatuln\u00e9 kav\u00e1rny, \u017eiv\u00e9 hosp\u016fdky a nep\u0159ebern\u00e9 mno\u017estv\u00ed vnit\u0159n\u00edch kulturn\u00edch aktivit. Na p\u0159\u00edmost v komunikaci, podobnou t\u00e9 u Nizozemc\u016f, si mo\u017en\u00e1 budete muset chv\u00edli zvykat, ale \u010dasto pramen\u00ed z up\u0159\u00edmnosti a touhy po jasn\u00e9m porozum\u011bn\u00ed.<\/span><\/p>\n<h2>Kvalita \u017eivota v Belgii: Co d\u011bl\u00e1 tuto zemi tak p\u0159\u00edjemnou pro \u017eit\u00ed<\/h2>\n<p><span style=\"font-weight: 400;\">P\u0159i zva\u017eov\u00e1n\u00ed kvality \u017eivota v Belgii vynik\u00e1 n\u011bkolik faktor\u016f, kter\u00e9 z n\u00ed d\u011blaj\u00ed atraktivn\u00ed perspektivu pro mnoh\u00e9. Existuje n\u011bkolik d\u016fvod\u016f, pro\u010d zvolit Belgii jako expat, ale n\u00ed\u017ee jsou uvedeny dal\u0161\u00ed hlavn\u00ed body, d\u00edky nim\u017e je nejen obyvatelnou, ale i vysoce rozumnou destinac\u00ed.<\/span><\/p>\n<h3><span style=\"font-weight: 400;\">1. Vynikaj\u00edc\u00ed syst\u00e9m zdravotn\u00ed p\u00e9\u010de<\/span><\/h3>\n<p><span style=\"font-weight: 400;\">Zem\u011b m\u00e1 prvot\u0159\u00eddn\u00ed syst\u00e9m zdravotn\u00ed p\u00e9\u010de, kter\u00fd je efektivn\u00ed a snadno dostupn\u00fd pro ka\u017ed\u00e9ho. Zdravotn\u00ed poji\u0161t\u011bn\u00ed je v zemi povinn\u00e9, co\u017e zaji\u0161\u0165uje, \u017ee v\u0161ichni obyvatel\u00e9 (v\u010detn\u011b expat\u016f) maj\u00ed p\u0159\u00edstup k z\u00e1kladn\u00edm a vysoce kvalitn\u00edm l\u00e9ka\u0159sk\u00fdm slu\u017eb\u00e1m. To zahrnuje n\u00e1v\u0161t\u011bvy l\u00e9ka\u0159\u016f a specialist\u016f, nezbytn\u00e9 pobyty v nemocnici a pohotovostn\u00ed o\u0161et\u0159en\u00ed. I kdy\u017e existuje spolu\u00fa\u010dast, celkov\u00fd syst\u00e9m poskytuje klid a jistotu, pokud jde o va\u0161e zdrav\u00ed.<\/span><\/p>\n<h3><span style=\"font-weight: 400;\">2. Vysoce kvalitn\u00ed vzd\u011bl\u00e1v\u00e1n\u00ed<\/span><\/h3>\n<p><span style=\"font-weight: 400;\">Belgie pat\u0159\u00ed mezi nejchyt\u0159ej\u0161\u00ed zem\u011b v Evrop\u011b a belgick\u00fd vzd\u011bl\u00e1vac\u00ed syst\u00e9m je vysoce cen\u011bn, nebo\u0165 nab\u00edz\u00ed siln\u00fd z\u00e1klad pro d\u011bti a mlad\u00e9 dosp\u011bl\u00e9. Od st\u00e1tn\u00edch \u0161kol p\u0159es soukrom\u00e9 \u0161koly a\u017e po mezin\u00e1rodn\u00ed za\u0159\u00edzen\u00ed zde najdete \u0159adu vzd\u011bl\u00e1vac\u00edch instituc\u00ed, kter\u00e9 vyhovuj\u00ed r\u016fzn\u00fdm preferenc\u00edm a pot\u0159eb\u00e1m.<\/span><\/p>\n<p><span style=\"font-weight: 400;\">Pokud jde o vysoko\u0161kolsk\u00e9 vzd\u011bl\u00e1v\u00e1n\u00ed, Belgie m\u00e1 tak\u00e9 n\u011bkolik vynikaj\u00edc\u00edch univerzit s rozmanit\u00fdmi programy a silnou mezin\u00e1rodn\u00ed akademickou pov\u011bst\u00ed. Nap\u0159\u00edklad Katholieke Universiteit Leuven (KU Leuven), nejstar\u0161\u00ed univerzita v zemi, se \u0159ad\u00ed na 63. m\u00edsto na sv\u011bt\u011b.<\/span><\/p>\n<h3><span style=\"font-weight: 400;\">3. Zdrav\u00e1 rovnov\u00e1ha mezi pracovn\u00edm a soukrom\u00fdm \u017eivotem<\/span><\/h3>\n<p><span style=\"font-weight: 400;\">Stejn\u011b jako <\/span><a href=\"https:\/\/robin.jobs\/cz\/pracovat-v-zahranici\/zivot-v-nizozemsku\"><span style=\"font-weight: 400;\">v Nizozemsku<\/span><\/a><span style=\"font-weight: 400;\"> kladou Belgi\u010dan\u00e9 velk\u00fd d\u016fraz na rovnov\u00e1hu mezi pracovn\u00edm a soukrom\u00fdm \u017eivotem. Obyvatel\u00e9 jsou se sv\u00fdm \u017eivotem docela spokojeni, ale v\u0161ude tam, kde je to mo\u017en\u00e9, se zav\u00e1d\u011bj\u00ed je\u0161t\u011b flexibiln\u011bj\u0161\u00ed pracovn\u00ed uspo\u0159\u00e1d\u00e1n\u00ed, jako je pr\u00e1ce na d\u00e1lku a dal\u0161\u00ed mo\u017enosti.<\/span><\/p>\n<p><span style=\"font-weight: 400;\">Pr\u00e1vn\u00ed r\u00e1mec zaji\u0161\u0165uje dostate\u010dnou placenou dovolenou, co\u017e p\u0159isp\u00edv\u00e1 ke spole\u010dnosti, kde je osobn\u00ed pohoda cen\u011bna stejn\u011b jako profesion\u00e1ln\u00ed produktivita. Toto zam\u011b\u0159en\u00ed na vyv\u00e1\u017een\u00fd \u017eivotn\u00ed styl zlep\u0161uje nejen kvalitu \u017eivota jednotlivce, ale i celkovou spokojenost v pr\u00e1ci, p\u0159i\u010dem\u017e z\u00e1rove\u0148 zvy\u0161uje produktivitu a sni\u017euje absenci.<\/span><\/p>\n<h3><span style=\"font-weight: 400;\">4. Robustn\u00ed ekonomika a trh pr\u00e1ce<\/span><\/h3>\n<p><span style=\"font-weight: 400;\">Pokud jde o ekonomiku, Belgie se \u0159ad\u00ed na 21. m\u00edsto mezi nejkonkurenceschopn\u011bj\u0161\u00edmi n\u00e1rody sv\u011bta. Strategick\u00e1 poloha zem\u011b a rozvinut\u00e1 infrastruktura p\u0159isp\u00edvaj\u00ed k siln\u00e9 ekonomice a trhu pr\u00e1ce. D\u00edky \u0159ad\u011b pr\u016fmyslov\u00fdch odv\u011btv\u00ed, od logistiky a automobilov\u00e9ho pr\u016fmyslu a\u017e po chemii a farmacii, existuje spousta pracovn\u00edch p\u0159\u00edle\u017eitost\u00ed pro kvalifikovan\u00e9 pracovn\u00edky. S minim\u00e1ln\u00ed mzdou <\/span><a href=\"https:\/\/www.fairworkbelgium.be\/en\/faq\/what-salary-am-i-entitled-to\/\" target=\"_blank\" rel=\"noopener\"><span style=\"font-weight: 400;\">12,82 EUR<\/span><\/a><span style=\"font-weight: 400;\"> na hodinu si talentovan\u00ed pracovn\u00edci obvykle vyd\u011blaj\u00ed i v\u00edce. A i kdy\u017e da\u0148 z p\u0159\u00edjmu m\u016f\u017ee b\u00fdt o n\u011bco vy\u0161\u0161\u00ed, komplexn\u00ed syst\u00e9my soci\u00e1ln\u00edho zabezpe\u010den\u00ed ji pom\u00e1haj\u00ed udr\u017eet v rovnov\u00e1ze.<\/span><\/p>\n<h2>\u017divotn\u00ed n\u00e1klady v Belgii pro expaty<\/h2>\n<p><span style=\"font-weight: 400;\">Pro mnoh\u00e9, kte\u0159\u00ed uva\u017euj\u00ed o p\u0159est\u011bhov\u00e1n\u00ed, mohou b\u00fdt \u017eivotn\u00ed n\u00e1klady v Belgii zdrojem obav. I kdy\u017e jsou obecn\u011b pova\u017eov\u00e1ny za vy\u0161\u0161\u00ed ne\u017e v n\u011bkter\u00fdch zem\u00edch v\u00fdchodn\u00ed Evropy, jsou \u010dasto srovnateln\u00e9 s jej\u00edmi bezprost\u0159edn\u00edmi sousedy, jako je Nizozemsko nebo Francie, nebo o n\u011bco ni\u017e\u0161\u00ed, zejm\u00e9na mimo Brusel.<\/span><\/p>\n<p><span style=\"font-weight: 400;\">Nap\u0159\u00edklad pr\u016fm\u011brn\u00e1 cena n\u00e1jmu se pohybuje kolem 523 EUR na osobu m\u011bs\u00edce, ale ve m\u011bstech jako Gent, Antverpy a Brusel (kde se odhadovan\u00e9 pr\u016fm\u011brn\u00e9 n\u00e1klady na jednu osobu pohybuj\u00ed kolem <\/span><a href=\"https:\/\/www.numbeo.com\/cost-of-living\/in\/Brussels\" target=\"_blank\" rel=\"noopener\"><span style=\"font-weight: 400;\">1 036,9 EUR<\/span><\/a><span style=\"font-weight: 400;\">) jsou obvykle vy\u0161\u0161\u00ed. Pokud jsou ceny n\u00e1jm\u016f probl\u00e9mem, prozkoum\u00e1n\u00ed mo\u017enost\u00ed v men\u0161\u00edch m\u011bstech nebo p\u0159\u00edm\u011bstsk\u00fdch oblastech m\u016f\u017ee nab\u00eddnout cenov\u011b dostupn\u011bj\u0161\u00ed alternativy.<\/span><\/p>\n<p><span style=\"font-weight: 400;\">Ceny potravin a potravin jsou rozumn\u00e9, zvl\u00e1\u0161t\u011b pokud nakupujete na m\u00edstn\u00edch trz\u00edch. N\u00e1klady na dopravu jsou zvl\u00e1dnuteln\u00e9 d\u00edky efektivn\u00ed s\u00edti ve\u0159ejn\u00e9 dopravy (vlaky, tramvaje, autobusy), co\u017e sni\u017euje pot\u0159ebu vlastnit auto.<\/span><\/p>\n<p><span style=\"font-weight: 400;\">Chcete-li efektivn\u011b spravovat v\u00fddaje, zva\u017ete:<\/span><\/p>\n<ul>\n<li style=\"font-weight: 400;\" aria-level=\"1\"><span style=\"font-weight: 400;\">Ve\u0159ejn\u00e1 doprava: Investujte do \u010dasov\u00e9 j\u00edzdenky na vlaky (SNCB), metro a autobusov\u00e9 spoje.<\/span><\/li>\n<li style=\"font-weight: 400;\" aria-level=\"1\"><span style=\"font-weight: 400;\">M\u00edstn\u00ed trhy: N\u00e1kup \u010derstv\u00fdch produkt\u016f na m\u00edstn\u00edch trz\u00edch a dal\u0161\u00edch specialit obvykle vyjde za lep\u0161\u00ed ceny.<\/span><\/li>\n<li style=\"font-weight: 400;\" aria-level=\"1\"><span style=\"font-weight: 400;\">Rozpo\u010dtov\u00e1n\u00ed: Pe\u010dliv\u011b sledujte sv\u00e9 v\u00fddaje, abyste si udr\u017eeli zdrav\u00fd disponibiln\u00ed p\u0159\u00edjem.<\/span><\/li>\n<\/ul>\n<h2>Jak\u00fd je \u017eivot v Belgii: Soci\u00e1ln\u00ed zabezpe\u010den\u00ed<\/h2>\n<p><span style=\"font-weight: 400;\">Zem\u011b m\u00e1 komplexn\u00ed syst\u00e9m soci\u00e1ln\u00edho zabezpe\u010den\u00ed, kter\u00fd je \u010dasto pova\u017eov\u00e1n za jeden z nejv\u00fdznamn\u011bj\u0161\u00edch p\u0159\u00ednos\u016f \u017eivota v Belgii. Syst\u00e9m funguje jako robustn\u00ed z\u00e1chrann\u00e1 s\u00ed\u0165 a poskytuje kritickou podporu obyvatel\u016fm v r\u016fzn\u00fdch \u017eivotn\u00edch f\u00e1z\u00edch.<\/span><\/p>\n<ul>\n<li style=\"font-weight: 400;\" aria-level=\"1\"><b>D\u00e1vky v nezam\u011bstnanosti:<\/b><span style=\"font-weight: 400;\"> Bohu\u017eel se n\u011bkdy lid\u00e9 ocitnou mezi zam\u011bstn\u00e1n\u00edmi a belgick\u00fd syst\u00e9m poskytuje finan\u010dn\u00ed podporu, zat\u00edmco si hled\u00e1te novou pr\u00e1ci. Krom\u011b toho byly v pr\u016fb\u011bhu let investov\u00e1ny velk\u00e9 \u010d\u00e1stky do program\u016f rekvalifikace, soci\u00e1ln\u00edho za\u010dle\u0148ov\u00e1n\u00ed a podpory zam\u011bstnanosti.<\/span><\/li>\n<li style=\"font-weight: 400;\" aria-level=\"1\"><b>Mate\u0159sk\u00e1 a otcovsk\u00e1 dovolen\u00e1:<\/b><span style=\"font-weight: 400;\"> Belgie nab\u00edz\u00ed \u0161t\u011bdrou dovolenou pro nov\u00e9 rodi\u010de, co\u017e jim umo\u017e\u0148uje soust\u0159edit se na sv\u00e9 rodiny bez okam\u017eit\u00e9ho finan\u010dn\u00edho stresu.<\/span><\/li>\n<li style=\"font-weight: 400;\" aria-level=\"1\"><b>Podpora p\u00e9\u010de o d\u011bti:<\/b><span style=\"font-weight: 400;\"> Vl\u00e1da poskytuje dotace a p\u0159\u00edsp\u011bvky, kter\u00e9 pom\u00e1haj\u00ed sni\u017eovat n\u00e1klady na p\u00e9\u010di o d\u011bti, co\u017e rodin\u00e1m usnad\u0148uje situaci.<\/span><\/li>\n<li style=\"font-weight: 400;\" aria-level=\"1\"><b>D\u016fchodov\u00fd syst\u00e9m:<\/b><span style=\"font-weight: 400;\"> Stejn\u011b jako Nizozemsko m\u00e1 i Belgie v\u00edcepil\u00ed\u0159ov\u00fd d\u016fchodov\u00fd syst\u00e9m, v\u010detn\u011b st\u00e1tn\u00edho d\u016fchodu, zam\u011bstnaneck\u00fdch sch\u00e9mat a soukrom\u00fdch dopl\u0148kov\u00fdch mo\u017enost\u00ed, co\u017e zaji\u0161\u0165uje finan\u010dn\u00ed zabezpe\u010den\u00ed v d\u016fchodu.<\/span><\/li>\n<\/ul>\n<h2>\u017divot v Belgii: Doprava<\/h2>\n<p><span style=\"font-weight: 400;\">Mal\u00e1 rozloha zem\u011b spolu s jej\u00ed vynikaj\u00edc\u00ed infrastrukturou d\u011blaj\u00ed z Belgie dopravn\u00ed r\u00e1j pro ty, kte\u0159\u00ed preferuj\u00ed ve\u0159ejnou dopravu. Belgie m\u00e1 vysoce efektivn\u00ed dopravn\u00ed syst\u00e9m, kter\u00fd spojuje ka\u017ed\u00e9 v\u011bt\u0161\u00ed m\u011bsto a nespo\u010det men\u0161\u00edch m\u011bste\u010dek.<\/span><\/p>\n<ul>\n<li style=\"font-weight: 400;\" aria-level=\"1\"><b>Vlaky<\/b><span style=\"font-weight: 400;\">: S\u00ed\u0165 SNCB je rozs\u00e1hl\u00e1 a nab\u00edz\u00ed rychl\u00e9 a spolehliv\u00e9 spojen\u00ed mezi m\u011bsty jako Brusel, Antverpy, Gent a Bruggy, stejn\u011b jako mezin\u00e1rodn\u00ed trasy.<\/span><\/li>\n<li style=\"font-weight: 400;\" aria-level=\"1\"><b>Metro, tramvaj a autobus:<\/b><span style=\"font-weight: 400;\"> T\u00e9m\u011b\u0159 v\u0161echna v\u011bt\u0161\u00ed m\u011bsta maj\u00ed rozvinut\u00e9 a dob\u0159e funguj\u00edc\u00ed dopravn\u00ed s\u00edt\u011b, d\u00edky nim\u017e je doj\u00ed\u017ed\u011bn\u00ed v r\u00e1mci m\u011bsta hra\u010dkou.<\/span><\/li>\n<li style=\"font-weight: 400;\" aria-level=\"1\"><b>Cyklistika: <\/b><span style=\"font-weight: 400;\">Stejn\u011b jako Nizozemsko, i Belgie miluje sv\u00e1 j\u00edzdn\u00ed kola. <\/span><a href=\"https:\/\/www.euronews.com\/next\/2022\/09\/17\/the-worlds-cycling-nation-how-the-netherlands-redesigned-itself-as-a-country-fit-for-bikes\" target=\"_blank\" rel=\"noopener\"><span style=\"font-weight: 400;\">Cyklistika je popul\u00e1rn\u00ed<\/span><\/a><span style=\"font-weight: 400;\"> zejm\u00e9na v rovinat\u011bj\u0161\u00edch oblastech, kde jsou vyhrazen\u00e9 cyklopruhy normou.<\/span><\/li>\n<li style=\"font-weight: 400;\" aria-level=\"1\"><b>\u0158\u00edzen\u00ed: <\/b><span style=\"font-weight: 400;\">Silni\u010dn\u00ed s\u00ed\u0165 je vynikaj\u00edc\u00ed, i kdy\u017e doprava m\u016f\u017ee b\u00fdt kolem hlavn\u00edch m\u011bstsk\u00fdch center v dopravn\u00edch \u0161pi\u010dk\u00e1ch hust\u00e1.<\/span><\/li>\n<\/ul>\n<h2>Bohat\u00e1 kulturn\u00ed mozaika a \u010dil\u00fd spole\u010densk\u00fd \u017eivot<\/h2>\n<p><span style=\"font-weight: 400;\">\u017divot v Belgii pro cizince obohacuje jej\u00ed hlubok\u00e9 kulturn\u00ed d\u011bdictv\u00ed a \u017eiv\u00fd spole\u010densk\u00fd \u017eivot. Od kl\u00ed\u010dov\u00fdch evropsk\u00fdch m\u011bst s jejich historickou architekturou a\u017e po okouzluj\u00edc\u00ed muzea a uvoln\u011bn\u011bj\u0161\u00ed akce \u2013 v\u017edy je co objevovat.<\/span><\/p>\n<ul>\n<li style=\"font-weight: 400;\" aria-level=\"1\"><b>Kuchyn\u011b: <\/b><span style=\"font-weight: 400;\">Belgie je proslul\u00e1 svou \u010dokol\u00e1dou a pivem, spolu s vydatn\u00fdmi du\u0161en\u00fdmi pokrmy a k\u0159upav\u00fdmi hranolky. Stolov\u00e1n\u00ed venku je obl\u00edbenou kratochv\u00edl\u00ed, s mo\u017enostmi od restaurac\u00ed ocen\u011bn\u00fdch michelinskou hv\u011bzdou a\u017e po \u00fatuln\u00e9 m\u00edstn\u00ed brasserie.<\/span><\/li>\n<li style=\"font-weight: 400;\" aria-level=\"1\"><b>Akce a festivaly:<\/b><span style=\"font-weight: 400;\"> Belgie m\u00e1 tak\u00e9 sv\u016fj pod\u00edl hudebn\u00edch festival\u016f a kulturn\u00edch akc\u00ed, od mal\u00fdch m\u00edstn\u00edch karneval\u016f a\u017e po sez\u00f3nn\u00ed v\u00e1no\u010dn\u00ed trhy a masivn\u00ed festivaly. Ty nab\u00edzej\u00ed fantastick\u00e9 p\u0159\u00edle\u017eitosti pro soci\u00e1ln\u00ed integraci a pozn\u00e1v\u00e1n\u00ed m\u00edstn\u00edch zvyk\u016f.<\/span><\/li>\n<li style=\"font-weight: 400;\" aria-level=\"1\"><b>Komunita expat\u016f:<\/b><span style=\"font-weight: 400;\"> Brusel je v podstat\u011b srdcem EU, co\u017e znamen\u00e1, \u017ee m\u00e1 velkou a aktivn\u00ed komunitu expat\u016f. Nejde v\u0161ak jen o Brusel, i ostatn\u00ed velk\u00e1 m\u011bsta maj\u00ed komunity expat\u016f, co\u017e nov\u00e1\u010dk\u016fm usnad\u0148uje navazov\u00e1n\u00ed kontakt\u016f, sd\u00edlen\u00ed zku\u0161enost\u00ed a hled\u00e1n\u00ed podpory, \u010d\u00edm\u017e se p\u011bstuje vst\u0159\u00edcn\u00e9 multikulturn\u00ed prost\u0159ed\u00ed.<\/span><\/li>\n<\/ul>\n<p><picture><source srcset=\"https:\/\/robin.jobs\/cz\/wp-content\/webp-express\/webp-images\/doc-root\/wp-content\/uploads\/sites\/23\/2026\/05\/skupina-lidi-na-neonove-party-1024x576.jpg.webp 1024w, https:\/\/robin.jobs\/cz\/wp-content\/webp-express\/webp-images\/doc-root\/wp-content\/uploads\/sites\/23\/2026\/05\/skupina-lidi-na-neonove-party-300x169.jpg.webp 300w, https:\/\/robin.jobs\/cz\/wp-content\/webp-express\/webp-images\/doc-root\/wp-content\/uploads\/sites\/23\/2026\/05\/skupina-lidi-na-neonove-party-768x432.jpg.webp 768w, https:\/\/robin.jobs\/cz\/wp-content\/webp-express\/webp-images\/doc-root\/wp-content\/uploads\/sites\/23\/2026\/05\/skupina-lidi-na-neonove-party-1536x864.jpg.webp 1536w, https:\/\/robin.jobs\/cz\/wp-content\/webp-express\/webp-images\/doc-root\/wp-content\/uploads\/sites\/23\/2026\/05\/skupina-lidi-na-neonove-party-793x446.jpg.webp 793w, https:\/\/robin.jobs\/cz\/wp-content\/webp-express\/webp-images\/doc-root\/wp-content\/uploads\/sites\/23\/2026\/05\/skupina-lidi-na-neonove-party.jpg.webp 1920w\" sizes=\"(max-width: 1024px) 100vw, 1024px\" type=\"image\/webp\"><img decoding=\"async\" class=\"alignnone size-large wp-image-1261009 webpexpress-processed\" src=\"https:\/\/robin.jobs\/cz\/wp-content\/uploads\/sites\/23\/2026\/05\/skupina-lidi-na-neonove-party-1024x576.jpg\" alt=\"Skupina Lidi Na Neonove Party\" width=\"1024\" height=\"576\" srcset=\"https:\/\/robin.jobs\/cz\/wp-content\/uploads\/sites\/23\/2026\/05\/skupina-lidi-na-neonove-party-1024x576.jpg 1024w, https:\/\/robin.jobs\/cz\/wp-content\/uploads\/sites\/23\/2026\/05\/skupina-lidi-na-neonove-party-300x169.jpg 300w, https:\/\/robin.jobs\/cz\/wp-content\/uploads\/sites\/23\/2026\/05\/skupina-lidi-na-neonove-party-768x432.jpg 768w, https:\/\/robin.jobs\/cz\/wp-content\/uploads\/sites\/23\/2026\/05\/skupina-lidi-na-neonove-party-1536x864.jpg 1536w, https:\/\/robin.jobs\/cz\/wp-content\/uploads\/sites\/23\/2026\/05\/skupina-lidi-na-neonove-party-793x446.jpg 793w, https:\/\/robin.jobs\/cz\/wp-content\/uploads\/sites\/23\/2026\/05\/skupina-lidi-na-neonove-party.jpg 1920w\" sizes=\"(max-width: 1024px) 100vw, 1024px\"><\/picture><\/p>\n<p><span style=\"font-weight: 400;\">Zdroj: Pexels<\/span><\/p>\n<h2>Bezpe\u010dnost, \u010distota a udr\u017eitelnost<\/h2>\n<p><span style=\"font-weight: 400;\">Je Belgie dobr\u00fdm m\u00edstem k \u017eivotu? Z hlediska \u017eivotn\u00edho prost\u0159ed\u00ed a bezpe\u010dnosti jsou belgick\u00e1 m\u011bsta i venkovsk\u00e9 oblasti pova\u017eov\u00e1ny za bezpe\u010dn\u00e9 a \u010dist\u00e9. M\u00edra kriminality je <\/span><a href=\"https:\/\/www.statista.com\/statistics\/534865\/annual-number-of-registered-crimes-in-belgium\/\" target=\"_blank\" rel=\"noopener\"><span style=\"font-weight: 400;\">pova\u017eov\u00e1na za n\u00edzkou<\/span><\/a><span style=\"font-weight: 400;\">, ve\u0159ejn\u00e1 prostranstv\u00ed jsou dob\u0159e udr\u017eovan\u00e1 a zem\u011b up\u0159ednost\u0148uje environment\u00e1ln\u00ed udr\u017eitelnost se zam\u011b\u0159en\u00edm na sni\u017eov\u00e1n\u00ed odpadu, recyklaci a zelen\u00e9 m\u011bstsk\u00e9 pl\u00e1nov\u00e1n\u00ed. Takov\u00fd z\u00e1vazek k udr\u017eov\u00e1n\u00ed zdrav\u00e9ho \u017eivotn\u00edho prost\u0159ed\u00ed a jeho zlep\u0161ov\u00e1n\u00ed je kl\u00ed\u010dov\u00fdm faktorem pro dosa\u017een\u00ed vysok\u00e9 kvality \u017eivota.<\/span><\/p>\n<h2>\u017divot v Belgii: Je to ten spr\u00e1vn\u00fd krok?<\/h2>\n<p><span style=\"font-weight: 400;\">P\u0159i pohledu na pro a proti \u017eivota v Belgii mohou v\u00fdhody snadno p\u0159ev\u00e1\u017eit nad z\u00e1pory. Zat\u00edmco v\u00fdzvy spojen\u00e9 s adaptac\u00ed na novou zemi a zvl\u00e1d\u00e1n\u00edm vy\u0161\u0161\u00edch \u017eivotn\u00edch n\u00e1klad\u016f jsou nev\u00fdhodou, vysok\u00e1 kvalita \u017eivota, vynikaj\u00edc\u00ed soci\u00e1ln\u00ed z\u00e1chrann\u00e9 s\u00edt\u011b, robustn\u00ed ekonomika a bohat\u00e9 kulturn\u00ed z\u00e1\u017eitky mohou v\u0161echny p\u0159ek\u00e1\u017eky snadno vynahradit.<\/span><\/p>\n<p><picture><source srcset=\"https:\/\/robin.jobs\/cz\/wp-content\/webp-express\/webp-images\/doc-root\/wp-content\/uploads\/sites\/23\/2026\/05\/zena-se-zlutou-prilbou-drzi-cast-dopravniho-prostredku-1024x683.jpg.webp 1024w, https:\/\/robin.jobs\/cz\/wp-content\/webp-express\/webp-images\/doc-root\/wp-content\/uploads\/sites\/23\/2026\/05\/zena-se-zlutou-prilbou-drzi-cast-dopravniho-prostredku-300x200.jpg.webp 300w, https:\/\/robin.jobs\/cz\/wp-content\/webp-express\/webp-images\/doc-root\/wp-content\/uploads\/sites\/23\/2026\/05\/zena-se-zlutou-prilbou-drzi-cast-dopravniho-prostredku-768x512.jpg.webp 768w, https:\/\/robin.jobs\/cz\/wp-content\/webp-express\/webp-images\/doc-root\/wp-content\/uploads\/sites\/23\/2026\/05\/zena-se-zlutou-prilbou-drzi-cast-dopravniho-prostredku-1536x1024.jpg.webp 1536w, https:\/\/robin.jobs\/cz\/wp-content\/webp-express\/webp-images\/doc-root\/wp-content\/uploads\/sites\/23\/2026\/05\/zena-se-zlutou-prilbou-drzi-cast-dopravniho-prostredku-669x446.jpg.webp 669w, https:\/\/robin.jobs\/cz\/wp-content\/webp-express\/webp-images\/doc-root\/wp-content\/uploads\/sites\/23\/2026\/05\/zena-se-zlutou-prilbou-drzi-cast-dopravniho-prostredku.jpg.webp 1920w\" sizes=\"(max-width: 1024px) 100vw, 1024px\" type=\"image\/webp\"><img decoding=\"async\" class=\"alignnone size-large wp-image-1261008 webpexpress-processed\" src=\"https:\/\/robin.jobs\/cz\/wp-content\/uploads\/sites\/23\/2026\/05\/zena-se-zlutou-prilbou-drzi-cast-dopravniho-prostredku-1024x683.jpg\" alt=\"Zena Se Zlutou Prilbou Drzi Cast Dopravniho Prostredku\" width=\"1024\" height=\"683\" srcset=\"https:\/\/robin.jobs\/cz\/wp-content\/uploads\/sites\/23\/2026\/05\/zena-se-zlutou-prilbou-drzi-cast-dopravniho-prostredku-1024x683.jpg 1024w, https:\/\/robin.jobs\/cz\/wp-content\/uploads\/sites\/23\/2026\/05\/zena-se-zlutou-prilbou-drzi-cast-dopravniho-prostredku-300x200.jpg 300w, https:\/\/robin.jobs\/cz\/wp-content\/uploads\/sites\/23\/2026\/05\/zena-se-zlutou-prilbou-drzi-cast-dopravniho-prostredku-768x512.jpg 768w, https:\/\/robin.jobs\/cz\/wp-content\/uploads\/sites\/23\/2026\/05\/zena-se-zlutou-prilbou-drzi-cast-dopravniho-prostredku-1536x1024.jpg 1536w, https:\/\/robin.jobs\/cz\/wp-content\/uploads\/sites\/23\/2026\/05\/zena-se-zlutou-prilbou-drzi-cast-dopravniho-prostredku-669x446.jpg 669w, https:\/\/robin.jobs\/cz\/wp-content\/uploads\/sites\/23\/2026\/05\/zena-se-zlutou-prilbou-drzi-cast-dopravniho-prostredku.jpg 1920w\" sizes=\"(max-width: 1024px) 100vw, 1024px\"><\/picture><\/p>\n<p><span style=\"font-weight: 400;\">Zdroj: Pexels<\/span><\/p>\n<p><span style=\"font-weight: 400;\">Pokud jste expat hledaj\u00edc\u00ed napl\u0148uj\u00edc\u00ed \u017eivot v Belgii, <\/span><a href=\"https:\/\/robin.jobs\/cz\/\"><span style=\"font-weight: 400;\">Robin.jobs<\/span><\/a><span style=\"font-weight: 400;\"> v\u00e1m m\u016f\u017ee pomoci ud\u011blat prvn\u00ed krok. Na\u0161i recruite\u0159i se specializuj\u00ed na propojov\u00e1n\u00ed manu\u00e1ln\u00edch pracovn\u00edk\u016f s f\u00e9rov\u00fdmi a dob\u0159e placen\u00fdmi p\u0159\u00edle\u017eitostmi v r\u016fzn\u00fdch sektorech v Belgii. Spolupracujeme s d\u016fv\u011bryhodn\u00fdmi pracovn\u00edmi agenturami, abychom zajistili hladk\u00fd p\u0159echod, od <\/span><a href=\"https:\/\/robin.jobs\/cz\/nabidky-prace\/belgii\"><span style=\"font-weight: 400;\">nalezen\u00ed ide\u00e1ln\u00ed pr\u00e1ce<\/span><\/a><span style=\"font-weight: 400;\"> a\u017e po usazen\u00ed se ve va\u0161em nov\u00e9m \u017eivot\u011b.<\/span><\/p>\n<p><span style=\"font-weight: 400;\">Pokud jste p\u0159ipraveni za\u010d\u00edt \u017eivot expata v Belgii, nev\u00e1hejte si vytvo\u0159it profil je\u0161t\u011b dnes a nechte n\u00e1s, abychom v\u00e1m pomohli naj\u00edt va\u0161i dal\u0161\u00ed roli.<\/span><\/p>\n<h2>\u010casto kladen\u00e9 ot\u00e1zky<\/h2>\n<h3><span style=\"font-weight: 400;\">Jak\u00fd je pr\u016fm\u011brn\u00fd ro\u010dn\u00ed plat v Belgii?<\/span><\/h3>\n<p><span style=\"font-weight: 400;\">Zat\u00edmco pr\u016fm\u011bry se budou li\u0161it pro ka\u017ed\u00fd sektor a \u00farove\u0148 zku\u0161enost\u00ed, minim\u00e1ln\u00ed mzda je 12,82 eur na hodinu, co\u017e p\u0159i pr\u00e1ci 38 hodin t\u00fddn\u011b \u010din\u00ed pr\u016fm\u011brnou m\u011bs\u00ed\u010dn\u00ed mzdu 2 111,89 EUR.<\/span><\/p>\n<h3><span style=\"font-weight: 400;\">Jak\u00e1 je \u00farove\u0148 angli\u010dtiny v Belgii?<\/span><\/h3>\n<p><span style=\"font-weight: 400;\">A\u010dkoli jsou francouz\u0161tina, nizozem\u0161tina a n\u011bm\u010dina ofici\u00e1ln\u00edmi jazyky, angli\u010dtina je \u0161iroce roz\u0161\u00ed\u0159en\u00e1, zejm\u00e9na v Bruselu a v obchodn\u00edm prost\u0159ed\u00ed. Pokud jde o ka\u017edodenn\u00ed \u017eivot, Belgi\u010dan\u00e9 pat\u0159\u00ed mezi 10 nejlep\u0161\u00edch mluv\u010d\u00edch, pro kter\u00e9 nen\u00ed angli\u010dtina rodn\u00fdm jazykem, na sv\u011bt\u011b, co\u017e znamen\u00e1, \u017ee je relativn\u011b snadn\u00e9 se domluvit bez ohledu na to, z jak\u00e9ho prost\u0159ed\u00ed poch\u00e1z\u00edte.<\/span><\/p>\n<h3><span style=\"font-weight: 400;\">Jak\u00e1 je rovnov\u00e1ha mezi pracovn\u00edm a soukrom\u00fdm \u017eivotem v Belgii?<\/span><\/h3>\n<p><span style=\"font-weight: 400;\">Belgi\u010dan\u00e9 up\u0159ednost\u0148uj\u00ed rovnov\u00e1hu mezi pracovn\u00edm a soukrom\u00fdm \u017eivotem a vl\u00e1da tomu napom\u00e1h\u00e1 regulac\u00ed pracovn\u00ed doby a snahou o vytvo\u0159en\u00ed pracovn\u00ed kultury, kter\u00e1 podporuje flexibiln\u00ed pracovn\u00ed uspo\u0159\u00e1d\u00e1n\u00ed a placen\u00e9 volno.<\/span><\/p>\n<h3><span style=\"font-weight: 400;\">Jak mi m\u016f\u017ee Robin.jobs pomoci naj\u00edt pr\u00e1ci v Belgii?<\/span><\/h3>\n<p><span style=\"font-weight: 400;\">Robin v\u00e1m pom\u016f\u017ee spojit se s d\u016fv\u011bryhodn\u00fdmi pracovn\u00edmi agenturami v Belgii. M\u016f\u017eeme v\u00e1m pomoci s um\u00edst\u011bn\u00edm do zam\u011bstn\u00e1n\u00ed a poskytnout podporu (spole\u010dn\u011b s agenturou) b\u011bhem cel\u00e9ho procesu st\u011bhov\u00e1n\u00ed a integrace. Slu\u017eby, kter\u00e9 poskytujeme, jsou zcela zdarma.<\/span><\/p>\n<h3><span style=\"font-weight: 400;\">Je Belgie dobr\u00fdm m\u00edstem pro \u017eivot rodin?<\/span><\/h3>\n<p><span style=\"font-weight: 400;\">Ano, Belgie je \u010dasto pova\u017eov\u00e1na za vynikaj\u00edc\u00ed m\u00edsto pro rodiny d\u00edky sv\u00e9mu vysoce kvalitn\u00edmu vzd\u011bl\u00e1vac\u00edmu syst\u00e9mu, komplexn\u00ed zdravotn\u00ed p\u00e9\u010di, podpo\u0159e p\u00e9\u010de o d\u011bti a aktivit\u00e1m vhodn\u00fdm pro rodiny.<\/span><\/p>\n","protected":false},"excerpt":{"rendered":"<p>Sn\u00edte o nov\u00e9 kapitole v zahrani\u010d\u00ed a prozkoum\u00e1v\u00e1n\u00ed vzru\u0161uj\u00edc\u00edch zem\u00ed, kter\u00e9 Evropa nab\u00edz\u00ed? \u017divot v Belgii v\u00e1m m\u016f\u017ee poskytnout jedine\u010dnou kombinaci rozmanit\u00e9 kultury, bohat\u00e9 historie a vysok\u00e9 kvality \u017eivota. P\u0159esto\u017ee je tato zem\u011b \u010dasto ve st\u00ednu sv\u00fdch v\u011bt\u0161\u00edch soused\u016f, m\u016f\u017ee b\u00fdt tato mal\u00e1, ale vysoce rozvinut\u00e1 a v\u00fdznamn\u00e1 zem\u011b l\u00e1kavou destinac\u00ed pro expaty i manu\u00e1ln\u00ed&#8230;<\/p>\n","protected":false},"author":38,"featured_media":1261007,"comment_status":"open","ping_status":"open","sticky":false,"template":"","format":"standard","meta":{"_acf_changed":false,"inline_featured_image":false,"footnotes":""},"categories":[1115,1117,1116],"tags":[],"class_list":["post-1261006","post","type-post","status-publish","format-standard","has-post-thumbnail","hentry","category-culture","category-life","category-work","work-category-prace-v-belgii"],"acf":[],"_links":{"self":[{"href":"https:\/\/robin.jobs\/cz\/wp-json\/wp\/v2\/posts\/1261006","targetHints":{"allow":["GET"]}}],"collection":[{"href":"https:\/\/robin.jobs\/cz\/wp-json\/wp\/v2\/posts"}],"about":[{"href":"https:\/\/robin.jobs\/cz\/wp-json\/wp\/v2\/types\/post"}],"author":[{"embeddable":true,"href":"https:\/\/robin.jobs\/cz\/wp-json\/wp\/v2\/users\/38"}],"replies":[{"embeddable":true,"href":"https:\/\/robin.jobs\/cz\/wp-json\/wp\/v2\/comments?post=1261006"}],"version-history":[{"count":1,"href":"https:\/\/robin.jobs\/cz\/wp-json\/wp\/v2\/posts\/1261006\/revisions"}],"predecessor-version":[{"id":1261011,"href":"https:\/\/robin.jobs\/cz\/wp-json\/wp\/v2\/posts\/1261006\/revisions\/1261011"}],"wp:featuredmedia":[{"embeddable":true,"href":"https:\/\/robin.jobs\/cz\/wp-json\/wp\/v2\/media\/1261007"}],"wp:attachment":[{"href":"https:\/\/robin.jobs\/cz\/wp-json\/wp\/v2\/media?parent=1261006"}],"wp:term":[{"taxonomy":"category","embeddable":true,"href":"https:\/\/robin.jobs\/cz\/wp-json\/wp\/v2\/categories?post=1261006"},{"taxonomy":"post_tag","embeddable":true,"href":"https:\/\/robin.jobs\/cz\/wp-json\/wp\/v2\/tags?post=1261006"}],"curies":[{"name":"wp","href":"https:\/\/api.w.org\/{rel}","templated":true}]}}